{"id":41775,"date":"2022-08-30T22:19:41","date_gmt":"2022-08-30T19:19:41","guid":{"rendered":"https:\/\/www.catholicturku.fi\/?p=41775"},"modified":"2026-04-28T14:46:52","modified_gmt":"2026-04-28T11:46:52","slug":"41775","status":"publish","type":"post","link":"https:\/\/www.catholicturku.fi\/?p=41775&lang=fi","title":{"rendered":""},"content":{"rendered":"<hr \/>\n<p>&nbsp;<\/p>\n<h1 style=\"text-align: center;\"><span style=\"color: #0000ff;\"><strong>PYH\u00c4N BIRGITAN JA<br \/>\nAUTUAAN HEMMINGIN<\/strong><\/span><\/h1>\n<h4 style=\"text-align: center;\"><span style=\"color: #0000ff;\"><strong>katolinen seurakunta Turussa<\/strong><\/span><\/h4>\n<p>&nbsp;<\/p>\n<p><img loading=\"lazy\" decoding=\"async\" class=\" wp-image-54374 aligncenter\" src=\"https:\/\/www.catholicturku.fi\/wp-content\/uploads\/kokeilu2.jpg\" alt=\"\" width=\"380\" height=\"253\" srcset=\"https:\/\/www.catholicturku.fi\/wp-content\/uploads\/kokeilu2.jpg 300w, https:\/\/www.catholicturku.fi\/wp-content\/uploads\/kokeilu2-150x100.jpg 150w\" sizes=\"auto, (max-width: 380px) 100vw, 380px\" \/><\/p>\n<p>&nbsp;<\/p>\n<h3 style=\"text-align: center;\"><span style=\"color: #0000ff;\"><strong>Pyh\u00e4t messut<\/strong><\/span><\/h3>\n<h1 style=\"text-align: center;\"><span style=\"color: #0000ff;\"><strong>SUNNUNTAIT<\/strong><\/span><\/h1>\n<h1 style=\"text-align: center;\"><span style=\"color: #0000ff;\"><strong>POIKKEUKSET<\/strong><\/span><\/h1>\n<h3 style=\"text-align: center;\"><span style=\"color: #0000ff;\"><strong>31.5.2026 asti<\/strong><\/span><\/h3>\n<p>&nbsp;<\/p>\n<hr \/>\n<h6 style=\"text-align: center;\"><span style=\"color: #ffffff;\">\u00b7<\/span><\/h6>\n<h3><strong>TIISTAINA 28.4.2026<\/strong><\/h3>\n<ul>\n<li>\n<h6>18.00\u00a0 \u00a0P&#8217;\u00e4\u00e4si\u00e4isajan messu suomeksi<\/h6>\n<\/li>\n<li>\n<h6><span style=\"color: #000000;\">18.45\u00a0 \u00a0<a style=\"color: #000000;\" href=\"https:\/\/www.catholicturku.fi\/?page_id=677&amp;lang=fi\">SCJ-maallikot<\/a><\/span><\/h6>\n<\/li>\n<\/ul>\n<p>&nbsp;<\/p>\n<h3><span style=\"color: #ff0000;\"><strong>KESKIVIIKKONA 29.4.2026<\/strong><\/span><\/h3>\n<h6><span style=\"color: #ff0000;\"><strong>Pyh\u00e4 Katariina Sienalainen, neitsyt ja kirkonopettaja<br \/>\nEuroopan suojelija<\/strong><\/span><\/h6>\n<ul>\n<li>\n<h6>07.30\u00a0 \u00a0Juhlamessu<\/h6>\n<\/li>\n<\/ul>\n<p>&nbsp;<\/p>\n<h3><strong>PERJANTAINA 1.5.2026<\/strong><\/h3>\n<h6><strong>Pyh\u00e4 Joosef, ty\u00f6l\u00e4inen<\/strong><\/h6>\n<ul>\n<li>\n<h6>07.30\u00a0 \u00a0Messu suomeksi<\/h6>\n<\/li>\n<li>\n<h6><span style=\"color: #0000ff;\"><strong>17.00\u00a0 \u00a0Adoraatio<\/strong><\/span><\/h6>\n<\/li>\n<\/ul>\n<p>&nbsp;<\/p>\n<h3><span style=\"color: #ff0000;\"><strong>SUNNUNTAINA 3.5.2026<\/strong><\/span><\/h3>\n<h6><span style=\"color: #ff0000;\"><strong>P\u00e4\u00e4si\u00e4isen viides sunnuntai<\/strong><\/span><\/h6>\n<ul>\n<li>\n<h6>09.00\u00a0 \u00a0Messu latinaksi<\/h6>\n<\/li>\n<li>\n<h6>10.00\u00a0 \u00a0Ruusukko<\/h6>\n<\/li>\n<li>\n<h6><strong>10.30\u00a0 \u00a0P\u00e4\u00e4messu<\/strong><\/h6>\n<\/li>\n<li>\n<h6>12.30\u00a0 \u00a0Messu puolaksi<\/h6>\n<\/li>\n<li>\n<h6>18.00\u00a0 \u00a0Messu englanniksi<\/h6>\n<\/li>\n<\/ul>\n<p>&nbsp;<\/p>\n<h3><strong>LAUANTAINA 9.5.2026<\/strong><\/h3>\n<ul>\n<li>\n<h6>07.30\u00a0 \u00a0Messu Neitsyt Marian kunniaksi<\/h6>\n<\/li>\n<li>\n<h6><span style=\"color: #008000;\"><strong>10.00\u00a0 \u00a0Messu ruotsiksi Maarianhaminassa<\/strong><strong><br \/>\n<span style=\"color: #ffffff;\">10.00<\/span><\/strong>\u00a0 \u00a0S:T G\u00d6RANS LUTHERSKA KYRKA<strong><br \/>\n<span style=\"color: #ffffff;\">10.00<\/span><\/strong>\u00a0 \u00a0Pyh\u00e4n Yrj\u00f6n luterilainen kirkko<strong><br \/>\n<span style=\"color: #ffffff;\">10.00<\/span><\/strong>\u00a0 \u00a0<a style=\"color: #008000;\" href=\"https:\/\/www.google.com\/maps\/place\/Pyh%C3%A4n+Yrj%C3%B6n+kirkko\/@60.0972392,19.9348252,16z\/data=!3m1!4b1!4m6!3m5!1s0x468ac40b345d8cef:0xd2eebba6fff12956!8m2!3d60.0972392!4d19.9348252!16s%2Fg%2F11b6bgbz0w?entry=ttu&amp;g_ep=EgoyMDI1MDEwMS4wIKXMDSoASAFQAw%3D%3D\" target=\"_blank\" rel=\"noopener\">\u00d6stra Esplanadgatan 6 \u00b7 Mariehamn<\/a><\/span><\/h6>\n<\/li>\n<li>\n<h6><span style=\"color: #0000ff;\"><strong>12.00\u00a0 \u00a0Pyh\u00e4 messu &amp; ensikommuunio<\/strong><\/span><\/h6>\n<\/li>\n<\/ul>\n<p>&nbsp;<\/p>\n<h3><span style=\"color: #ff0000;\"><strong>SUNNUNTAINA 10.5.2026<\/strong><\/span><\/h3>\n<h6><span style=\"color: #ff0000;\"><strong>P\u00e4\u00e4si\u00e4isen kuudes sunnuntai<\/strong><\/span><\/h6>\n<ul>\n<li>\n<h6>09.00\u00a0 \u00a0Messu ruotsiksi<\/h6>\n<\/li>\n<li>\n<h6>10.00\u00a0 \u00a0Ruusukko<\/h6>\n<\/li>\n<li>\n<h6><strong>10.30\u00a0 \u00a0P\u00e4\u00e4messu<\/strong><\/h6>\n<\/li>\n<li>\n<h6><span style=\"color: #008000;\"><strong>15.00\u00a0 \u00a0Messu suomeksi Eurajoella<\/strong><\/span><\/h6>\n<h6><span style=\"color: #008000;\"><span style=\"color: #ffffff;\"><strong>15.00<\/strong><\/span>\u00a0 \u00a0KUSTAA AADOLFIN LUTERILAINEN KIRKKO<\/span><br \/>\n<span style=\"color: #008000;\"><span style=\"color: #ffffff;\"><strong>15.00<\/strong><\/span>\u00a0 \u00a0<a style=\"color: #008000;\" href=\"https:\/\/www.google.fi\/maps\/place\/Eurajoen+kirkko\/@61.2023265,21.7293437,593m\/data=!3m1!1e3!4m6!3m5!1s0x46897b3e7a31e23f:0x91880614d7c50c3!8m2!3d61.2022464!4d21.7314036!16s%2Fg%2F122kclk_?entry=ttu&amp;g_ep=EgoyMDI2MDEwNy4wIKXMDSoASAFQAw%3D%3D\" target=\"_blank\" rel=\"noopener\">Kirkkotie 8 \u00b7 Eurajoki<\/a><\/span><\/h6>\n<\/li>\n<li>\n<h6><strong><span style=\"color: #008000;\">17.00\u00a0 \u00a0Messu suomeksi Porissa<\/span><\/strong><\/h6>\n<h6><span style=\"color: #008000;\"><span style=\"color: #ffffff;\"><strong>17.00<\/strong><\/span>\u00a0 \u00a0PYH\u00c4N JOHANNES TEOLOGIN<br \/>\n<span style=\"color: #ffffff;\"><strong>17.00<\/strong><\/span>\u00a0 \u00a0ORTODOKSINEN KIRKKO<\/span><\/h6>\n<h6><span style=\"color: #008000;\"><span style=\"color: #ffffff;\"><strong>17.00\u00a0<\/strong><\/span> \u00a0<a style=\"color: #008000;\" href=\"https:\/\/www.google.com\/maps\/place\/Apostoli+Johannes+Teologin+kirkko\/@61.4857677,21.7585103,17z\/data=!3m1!4b1!4m6!3m5!1s0x46890adfe53e3a3f:0x3cf0ca76d6b0d30f!8m2!3d61.4857677!4d21.7610852!16s%2Fg%2F121vxlv4?hl=fi&amp;entry=ttu\" target=\"_blank\" rel=\"noopener\">Maantiekatu 46 \u00b7 Pori<\/a><\/span><\/h6>\n<\/li>\n<li>\n<h6>18.00\u00a0 \u00a0Messu englanniksi<\/h6>\n<\/li>\n<\/ul>\n<p>&nbsp;<\/p>\n<h3><strong>TIISTAINA 12.5.2026<\/strong><\/h3>\n<h6><strong>Pyh\u00e4t Nereus ja Achilleus, marttyyrit<\/strong><\/h6>\n<ul>\n<li>\n<h6>18.00\u00a0 \u00a0Messu suomeksi<\/h6>\n<\/li>\n<li>\n<h6><span style=\"color: #000000;\">18.45\u00a0 \u00a0<a style=\"color: #000000;\" href=\"https:\/\/www.catholicturku.fi\/?page_id=677&amp;lang=fi\">Teologinen opintopiiri<\/a><\/span><\/h6>\n<\/li>\n<\/ul>\n<p>&nbsp;<\/p>\n<h3><strong>KESKIVIIKKONA 13.5.2026<\/strong><\/h3>\n<h6><strong>Fatiman Neitsyt Maria<\/strong><\/h6>\n<ul>\n<li>\n<h6><em>07.30\u00a0 \u00a0EI MESSUA<\/em><\/h6>\n<\/li>\n<li>\n<h6><span style=\"color: #0000ff;\"><strong>18.00\u00a0 \u00a0Messu suomeksi &amp; novena<\/strong><\/span><\/h6>\n<\/li>\n<\/ul>\n<p>&nbsp;<\/p>\n<h3><span style=\"color: #ff0000;\"><strong>TORSTAINA 14.5.2026<\/strong><\/span><\/h3>\n<h6><span style=\"color: #ff0000;\"><strong>Herran taivaaseenastuminen \u00b7 Helatorstai<br \/>\n<\/strong><\/span><strong>Velvoittava juhlapyh\u00e4 \u2605<\/strong><span style=\"color: #ff0000;\"><strong><br \/>\n<\/strong><\/span><\/h6>\n<ul>\n<li>\n<h6><span style=\"color: #0000ff;\"><strong>10.30\u00a0 \u00a0Juhlamessu &amp; novena<\/strong><\/span><\/h6>\n<\/li>\n<li>\n<h6><em>17.30\u00a0 \u00a0EI ADORAATIOTA<\/em><\/h6>\n<\/li>\n<li>\n<h6><span style=\"color: #0000ff;\"><strong>18.00\u00a0 \u00a0Messu englanniksi<\/strong><\/span><\/h6>\n<\/li>\n<\/ul>\n<p>&nbsp;<\/p>\n<h3><strong>PERJANTAINA 15.5.2026<\/strong><\/h3>\n<ul>\n<li>\n<h6><em>07.30\u00a0 \u00a0EI MESSUA<\/em><\/h6>\n<\/li>\n<li>\n<h6><span style=\"color: #0000ff;\"><strong>18.00\u00a0 \u00a0P\u00e4\u00e4si\u00e4isajan messu suomeksi &amp; novena<\/strong><\/span><\/h6>\n<\/li>\n<\/ul>\n<p>&nbsp;<\/p>\n<h3><strong>LAUANTAINA 16.5.2026<\/strong><\/h3>\n<ul>\n<li>\n<h6><em>07.30\u00a0 \u00a0EI MESSUA<\/em><\/h6>\n<\/li>\n<li>\n<h6><strong><span style=\"color: #008000;\">13.30\u00a0 \u00a0Messu tagalogiksi Raumalla<\/span><\/strong><\/h6>\n<h6><span style=\"color: #008000;\"><span style=\"color: #ffffff;\"><strong>13.30<\/strong><\/span>\u00a0 \u00a0NUORTENTALO<\/span><\/h6>\n<h6><span style=\"color: #008000;\"><span style=\"color: #ffffff;\"><strong>13.30<\/strong><\/span>\u00a0 \u00a0<a style=\"color: #008000;\" href=\"https:\/\/www.google.fi\/maps\/place\/Hallikatu+12,+26100+Rauma\/@61.1295963,21.496425,17z\/data=!3m1!4b1!4m6!3m5!1s0x46897e0e3c233317:0x91d7873be4771097!8m2!3d61.1295937!4d21.4989999!16s%2Fg%2F11kq0f8jk7?entry=ttu\" target=\"_blank\" rel=\"noopener\">Hallikatu 12 \u00b7 Rauma<\/a><\/span><\/h6>\n<\/li>\n<li>\n<h6><span style=\"color: #0000ff;\"><strong>18.00\u00a0 \u00a0Piispanmessu &amp; novena<\/strong><\/span><\/h6>\n<\/li>\n<\/ul>\n<p>&nbsp;<\/p>\n<h3><span style=\"color: #ff0000;\"><strong>SUNNUNTAINA 17.5.2026<\/strong><\/span><\/h3>\n<h6><span style=\"color: #ff0000;\"><strong>P\u00e4\u00e4si\u00e4isen seitsem\u00e4s sunnuntai<\/strong><\/span><\/h6>\n<ul>\n<li>\n<h6>09.00\u00a0 \u00a0Messu latinaksi<\/h6>\n<\/li>\n<li>\n<h6>10.00\u00a0 \u00a0Ruusukko<\/h6>\n<\/li>\n<li>\n<h6><span style=\"color: #0000ff;\"><strong>10.30\u00a0 \u00a0Piispanmessu &amp; novena<\/strong><\/span><\/h6>\n<\/li>\n<li>\n<h6>12.30\u00a0 \u00a0Messu tagalogiksi<\/h6>\n<\/li>\n<li>\n<h6><span style=\"color: #0000ff;\"><strong>17.00\u00a0 \u00a0Rukouspalvelus<\/strong><\/span><\/h6>\n<\/li>\n<li>\n<h6>18.00\u00a0 \u00a0Messu englanniksi<\/h6>\n<\/li>\n<\/ul>\n<p>&nbsp;<\/p>\n<h3><strong>MAANANTAINA 18.5.2026<\/strong><\/h3>\n<h6><strong>Pyh\u00e4 Eerik, kuningas ja marttyyri<br \/>\nRuotsin suojelija<\/strong><\/h6>\n<ul>\n<li>\n<h6><em>07.30\u00a0 \u00a0EI MESSUA<\/em><\/h6>\n<\/li>\n<li>\n<h6><span style=\"color: #0000ff;\"><strong>18.00\u00a0 \u00a0Messu suomeksi &amp; novena<\/strong><\/span><\/h6>\n<\/li>\n<\/ul>\n<p>&nbsp;<\/p>\n<h3><strong>TIISTAINA 19.5.2026<\/strong><\/h3>\n<ul>\n<li>\n<h6>18.00\u00a0 \u00a0P\u00e4\u00e4si\u00e4isajan messu suomeksi &amp; novena<\/h6>\n<\/li>\n<li>\n<h6><span style=\"color: #000000;\">18.45\u00a0 \u00a0<a style=\"color: #000000;\" href=\"https:\/\/www.catholicturku.fi\/?page_id=677&amp;lang=fi\">Informaatiokurssi<\/a><\/span><\/h6>\n<\/li>\n<\/ul>\n<p>&nbsp;<\/p>\n<h3><strong>KESKIVIIKKONA 20.5.2026<\/strong><\/h3>\n<ul>\n<li>\n<h6><em>07.30\u00a0 \u00a0EI MESSUA<\/em><\/h6>\n<\/li>\n<li>\n<h6><span style=\"color: #0000ff;\"><strong>18.00\u00a0 \u00a0P\u00e4\u00e4si\u00e4isajan messu suomeksi &amp; novena<\/strong><\/span><\/h6>\n<\/li>\n<\/ul>\n<p>&nbsp;<\/p>\n<h3><strong>TORSTAINA 21.5.2026<\/strong><\/h3>\n<ul>\n<li>\n<h6>17.30\u00a0 \u00a0Adoraatio<\/h6>\n<\/li>\n<li>\n<h6>18.00\u00a0 \u00a0P\u00e4\u00e4si\u00e4isajan messu suomeksi &amp; novena<\/h6>\n<\/li>\n<\/ul>\n<p>&nbsp;<\/p>\n<h3><span style=\"color: #ff0000;\"><strong>PERJANTAINA 22.5.2026<\/strong><\/span><\/h3>\n<h6><strong><span style=\"color: #ff0000;\">Autuas Hemming, piispa<\/span><br \/>\nSeurakunnan nimikkojuhla<br \/>\n<\/strong><\/h6>\n<ul>\n<li>\n<h6><em>07.30\u00a0 \u00a0EI MESSUA<\/em><\/h6>\n<\/li>\n<li>\n<h6><span style=\"color: #0000ff;\"><strong>18.00\u00a0 \u00a0Juhlamessu &amp; adoraatio<\/strong><\/span><\/h6>\n<\/li>\n<\/ul>\n<p>&nbsp;<\/p>\n<h3><strong>LAUANTAINA 23.5.2026<\/strong><\/h3>\n<ul>\n<li>\n<h6>07.30\u00a0 \u00a0Messu Neitsyt Marian kunniaksi<\/h6>\n<\/li>\n<li>\n<h6><span style=\"color: #008000;\"><strong>10.00\u00a0 \u00a0Messu ruotsiksi Maarianhaminassa<\/strong><strong><br \/>\n<span style=\"color: #ffffff;\">10.00<\/span><\/strong>\u00a0 \u00a0S:T G\u00d6RANS LUTHERSKA KYRKA<strong><br \/>\n<span style=\"color: #ffffff;\">10.00<\/span><\/strong>\u00a0 \u00a0Pyh\u00e4n Yrj\u00f6n luterilainen kirkko<strong><br \/>\n<span style=\"color: #ffffff;\">10.00<\/span><\/strong>\u00a0 \u00a0<a style=\"color: #008000;\" href=\"https:\/\/www.google.com\/maps\/place\/Pyh%C3%A4n+Yrj%C3%B6n+kirkko\/@60.0972392,19.9348252,16z\/data=!3m1!4b1!4m6!3m5!1s0x468ac40b345d8cef:0xd2eebba6fff12956!8m2!3d60.0972392!4d19.9348252!16s%2Fg%2F11b6bgbz0w?entry=ttu&amp;g_ep=EgoyMDI1MDEwMS4wIKXMDSoASAFQAw%3D%3D\" target=\"_blank\" rel=\"noopener\">\u00d6stra Esplanadgatan 6 \u00b7 Mariehamn<\/a><\/span><\/h6>\n<\/li>\n<\/ul>\n<p>&nbsp;<\/p>\n<h3><span style=\"color: #ff0000;\"><strong>SUNNUNTAINA 24.5.2026<\/strong><\/span><\/h3>\n<h6><span style=\"color: #ff0000;\"><strong>Helluntaisunnuntai<\/strong><\/span><\/h6>\n<ul>\n<li>\n<h6>09.00\u00a0 \u00a0Messu ruotsiksi<\/h6>\n<\/li>\n<li>\n<h6>10.00\u00a0 \u00a0Ruusukko<\/h6>\n<\/li>\n<li>\n<h6><strong>10.30\u00a0 \u00a0P\u00e4\u00e4messu<\/strong><\/h6>\n<\/li>\n<li>\n<h6>12.30\u00a0 \u00a0Messu vietnamiksi<\/h6>\n<\/li>\n<li>\n<h6><span style=\"color: #008000;\"><strong>15.00\u00a0 \u00a0Messu suomeksi Eurajoella<\/strong><\/span><\/h6>\n<h6><span style=\"color: #008000;\"><span style=\"color: #ffffff;\"><strong>15.00<\/strong><\/span>\u00a0 \u00a0KUSTAA AADOLFIN LUTERILAINEN KIRKKO<\/span><br \/>\n<span style=\"color: #008000;\"><span style=\"color: #ffffff;\"><strong>15.00<\/strong><\/span>\u00a0 \u00a0<a style=\"color: #008000;\" href=\"https:\/\/www.google.fi\/maps\/place\/Eurajoen+kirkko\/@61.2023265,21.7293437,593m\/data=!3m1!1e3!4m6!3m5!1s0x46897b3e7a31e23f:0x91880614d7c50c3!8m2!3d61.2022464!4d21.7314036!16s%2Fg%2F122kclk_?entry=ttu&amp;g_ep=EgoyMDI2MDEwNy4wIKXMDSoASAFQAw%3D%3D\" target=\"_blank\" rel=\"noopener\">Kirkkotie 8 \u00b7 Eurajoki<\/a><\/span><\/h6>\n<\/li>\n<li>\n<h6>18.00\u00a0 \u00a0Messu englanniksi<\/h6>\n<\/li>\n<\/ul>\n<p>&nbsp;<\/p>\n<h3><strong>KESKIVIIKKONA 27.5.2026<\/strong><\/h3>\n<h6><strong>Pyh\u00e4 Augustinus Canterburylainen, piispa<\/strong><\/h6>\n<ul>\n<li>\n<h6>07.30\u00a0 \u00a0Messu suomeksi<\/h6>\n<\/li>\n<li>\n<h6><span style=\"color: #000000;\">17.30\u00a0 \u00a0<a style=\"color: #000000;\" href=\"https:\/\/www.catholicturku.fi\/?page_id=677&amp;lang=fi\">Naisten ilta<\/a><\/span><\/h6>\n<\/li>\n<\/ul>\n<p>&nbsp;<\/p>\n<h3><span style=\"color: #ff0000;\"><strong>TORSTAINA 28.5.2026<\/strong><\/span><\/h3>\n<h6><span style=\"color: #ff0000;\"><strong>Jeesus Kristus, ylimm\u00e4inen ja iankaikkinen pappi<\/strong><\/span><\/h6>\n<ul>\n<li>\n<h6>17.30\u00a0 \u00a0Adoraatio<\/h6>\n<\/li>\n<li>\n<h6>18.00\u00a0 \u00a0Juhlamessu<\/h6>\n<\/li>\n<\/ul>\n<p>&nbsp;<\/p>\n<h3><span style=\"color: #ff0000;\"><strong>SUNNUNTAINA 31.5.2026<\/strong><\/span><\/h3>\n<h6><span style=\"color: #ff0000;\"><strong>Pyh\u00e4 Kolminaisuus<\/strong><\/span><\/h6>\n<ul>\n<li>\n<h6>09.00\u00a0 \u00a0Messu latinaksi<\/h6>\n<\/li>\n<li>\n<h6>10.00\u00a0 \u00a0Ruusukko<\/h6>\n<\/li>\n<li>\n<h6><strong>10.30\u00a0 \u00a0P\u00e4\u00e4messu<\/strong><\/h6>\n<\/li>\n<li>\n<h6>18.00\u00a0 \u00a0Messu englanniksi<\/h6>\n<\/li>\n<\/ul>\n<p>&nbsp;<\/p>\n<hr \/>\n<h5>\u25ba\u00a0 <span style=\"color: #000000;\"><a style=\"color: #000000;\" href=\"https:\/\/www.catholicturku.fi\/?cat=217&amp;lang=fi\"><strong>Viikko-ohjelma<\/strong><\/a><\/span><\/h5>\n<h5>\u25ba\u00a0 <span style=\"color: #000000;\"><a style=\"color: #000000;\" href=\"https:\/\/calendar.google.com\/calendar\/embed?src=turunkatolinensrk%40gmail.com&amp;ctz=Europe%2FHelsinki\" target=\"_blank\" rel=\"noopener noreferrer\"><strong>GOOGLE-kalenteri<\/strong><\/a><\/span><\/h5>\n<h6><span style=\"color: #ffffff;\">\u00b7<\/span><\/h6>\n<h5>\u25ba\u00a0\u00a0<span style=\"color: #000000;\"><a style=\"color: #000000;\" href=\"https:\/\/www.catholicturku.fi\/?lang=fi\"><strong>P\u00c4\u00c4VALIKKO<\/strong><\/a><\/span><br \/>\n\u25ba\u00a0 <span style=\"color: #000000;\"><a style=\"color: #000000;\" href=\"https:\/\/www.catholicturku.fi\/?page_id=253&amp;lang=fi\"><strong>ETUSIVU<\/strong><\/a><\/span><\/h5>\n<hr \/>\n<h6 style=\"text-align: center;\"><strong>Webmaster<br \/>\n<\/strong><\/h6>\n<h6 style=\"text-align: center;\"><span style=\"color: #000000;\"><a style=\"color: #000000;\" href=\"mailto:webmaster@romanos.fi\">webmaster (at) romanos.fi<\/a><\/span><\/h6>\n","protected":false},"excerpt":{"rendered":"<p>&nbsp; PYH\u00c4N BIRGITAN JA AUTUAAN HEMMINGIN katolinen seurakunta Turussa &nbsp; &nbsp; Pyh\u00e4t messut SUNNUNTAIT POIKKEUKSET 31.5.2026 asti &nbsp; \u00b7 TIISTAINA 28.4.2026 18.00\u00a0 \u00a0P&#8217;\u00e4\u00e4si\u00e4isajan messu suomeksi 18.45\u00a0 \u00a0SCJ-maallikot &nbsp; KESKIVIIKKONA 29.4.2026 Pyh\u00e4 Katariina Sienalainen, neitsyt ja kirkonopettaja Euroopan suojelija 07.30\u00a0 \u00a0Juhlamessu &nbsp; PERJANTAINA 1.5.2026 Pyh\u00e4 Joosef, ty\u00f6l\u00e4inen 07.30\u00a0 \u00a0Messu suomeksi 17.00\u00a0 \u00a0Adoraatio &nbsp; SUNNUNTAINA 3.5.2026 P\u00e4\u00e4si\u00e4isen [&hellip;]<\/p>\n","protected":false},"author":1,"featured_media":0,"comment_status":"closed","ping_status":"closed","sticky":false,"template":"","format":"standard","meta":{"footnotes":""},"categories":[237],"tags":[],"class_list":["post-41775","post","type-post","status-publish","format-standard","hentry","category-2-pyhat-messut--sunnuntait-ja-poikkeukset"],"_links":{"self":[{"href":"https:\/\/www.catholicturku.fi\/index.php?rest_route=\/wp\/v2\/posts\/41775","targetHints":{"allow":["GET"]}}],"collection":[{"href":"https:\/\/www.catholicturku.fi\/index.php?rest_route=\/wp\/v2\/posts"}],"about":[{"href":"https:\/\/www.catholicturku.fi\/index.php?rest_route=\/wp\/v2\/types\/post"}],"author":[{"embeddable":true,"href":"https:\/\/www.catholicturku.fi\/index.php?rest_route=\/wp\/v2\/users\/1"}],"replies":[{"embeddable":true,"href":"https:\/\/www.catholicturku.fi\/index.php?rest_route=%2Fwp%2Fv2%2Fcomments&post=41775"}],"version-history":[{"count":1318,"href":"https:\/\/www.catholicturku.fi\/index.php?rest_route=\/wp\/v2\/posts\/41775\/revisions"}],"predecessor-version":[{"id":75562,"href":"https:\/\/www.catholicturku.fi\/index.php?rest_route=\/wp\/v2\/posts\/41775\/revisions\/75562"}],"wp:attachment":[{"href":"https:\/\/www.catholicturku.fi\/index.php?rest_route=%2Fwp%2Fv2%2Fmedia&parent=41775"}],"wp:term":[{"taxonomy":"category","embeddable":true,"href":"https:\/\/www.catholicturku.fi\/index.php?rest_route=%2Fwp%2Fv2%2Fcategories&post=41775"},{"taxonomy":"post_tag","embeddable":true,"href":"https:\/\/www.catholicturku.fi\/index.php?rest_route=%2Fwp%2Fv2%2Ftags&post=41775"}],"curies":[{"name":"wp","href":"https:\/\/api.w.org\/{rel}","templated":true}]}}