{"id":41771,"date":"2022-08-30T22:18:28","date_gmt":"2022-08-30T19:18:28","guid":{"rendered":"https:\/\/www.catholicturku.fi\/?p=41771"},"modified":"2026-04-28T15:28:23","modified_gmt":"2026-04-28T12:28:23","slug":"41771","status":"publish","type":"post","link":"https:\/\/www.catholicturku.fi\/?p=41771&lang=sv","title":{"rendered":""},"content":{"rendered":"<hr \/>\n<p>&nbsp;<\/p>\n<h1 style=\"text-align: center;\"><span style=\"color: #0000ff;\"><strong>HELIGA BIRGITTAS OCH<br \/>\nDEN SALIGE HEMMINGS<\/strong><\/span><\/h1>\n<h4 style=\"text-align: center;\"><span style=\"color: #0000ff;\"><strong>katolska f\u00f6rsamling<\/strong><\/span><\/h4>\n<h6 style=\"text-align: center;\"><span style=\"color: #0000ff;\">\u00b7<\/span><\/h6>\n<h3 style=\"text-align: center;\"><span style=\"color: #0000ff;\"><strong>\u00c5BO<\/strong> \ud83c\uddeb\ud83c\uddee\u00a0<strong>FINLAND<\/strong><\/span><\/h3>\n<p>&nbsp;<\/p>\n<p><img loading=\"lazy\" decoding=\"async\" class=\" wp-image-54374 aligncenter\" src=\"https:\/\/www.catholicturku.fi\/wp-content\/uploads\/kokeilu2.jpg\" alt=\"\" width=\"380\" height=\"253\" srcset=\"https:\/\/www.catholicturku.fi\/wp-content\/uploads\/kokeilu2.jpg 300w, https:\/\/www.catholicturku.fi\/wp-content\/uploads\/kokeilu2-150x100.jpg 150w\" sizes=\"auto, (max-width: 380px) 100vw, 380px\" \/><\/p>\n<p>&nbsp;<\/p>\n<h3 style=\"text-align: center;\"><span style=\"color: #0000ff;\"><strong>Heliga m\u00e4ssorna<\/strong><\/span><\/h3>\n<h1 style=\"text-align: center;\"><span style=\"color: #0000ff;\"><strong>S\u00d6NDAGAR<\/strong><\/span><\/h1>\n<h1 style=\"text-align: center;\"><span style=\"color: #0000ff;\"><strong>UNDANTAG<\/strong><\/span><\/h1>\n<h3 style=\"text-align: center;\"><span style=\"color: #0000ff;\"><strong>t.o.m. 31.5.2026<\/strong><\/span><\/h3>\n<p>&nbsp;<\/p>\n<hr \/>\n<h6 style=\"text-align: center;\"><span style=\"color: #ffffff;\">\u00b7<\/span><\/h6>\n<h3><span style=\"color: #ff0000;\"><strong>P\u00c5 ONSDAG DEN 29.4.2026<\/strong><\/span><\/h3>\n<h6><span style=\"color: #ff0000;\"><strong>S:ta Katarina av Siena, jungfru och kyrkol\u00e4rare<br \/>\nEuropas skyddspatron<\/strong><\/span><\/h6>\n<ul>\n<li>\n<h6>07.30\u00a0 \u00a0Festm\u00e4ssa<\/h6>\n<\/li>\n<\/ul>\n<p>&nbsp;<\/p>\n<h3><strong>P\u00c5 FREDAG DEN 1.5.2026<\/strong><\/h3>\n<h6><strong>S:t Josef arbetaren<\/strong><\/h6>\n<ul>\n<li>\n<h6>07.30\u00a0 \u00a0M\u00e4ssa p\u00e5 finska<\/h6>\n<\/li>\n<li>\n<h6><span style=\"color: #0000ff;\"><strong>17.00\u00a0 \u00a0Adoration<\/strong><\/span><\/h6>\n<\/li>\n<\/ul>\n<p>&nbsp;<\/p>\n<h3><span style=\"color: #ff0000;\"><strong>P\u00c5 S\u00d6NDAG DEN 3.5.2026<\/strong><\/span><\/h3>\n<h6><span style=\"color: #ff0000;\"><strong>Femte p\u00e5sks\u00f6ndagen<\/strong><\/span><\/h6>\n<ul>\n<li>\n<h6>09.00\u00a0 \u00a0M\u00e4ssa p\u00e5 latin<\/h6>\n<\/li>\n<li>\n<h6>10.00\u00a0 \u00a0Rosenkrans<\/h6>\n<\/li>\n<li>\n<h6><strong>10.30\u00a0 \u00a0H\u00f6gm\u00e4ssa<\/strong><\/h6>\n<\/li>\n<li>\n<h6>12.30\u00a0 \u00a0M\u00e4ssa p\u00e5 polska<\/h6>\n<\/li>\n<li>\n<h6>18.00\u00a0 \u00a0M\u00e4ssa p\u00e5 engelska<\/h6>\n<\/li>\n<\/ul>\n<p>&nbsp;<\/p>\n<h3><strong>P\u00c5 L\u00d6RDAG DEN 9.5.2026<\/strong><\/h3>\n<ul>\n<li>\n<h6>07.30\u00a0 \u00a0V\u00e5rfrum\u00e4ssa<\/h6>\n<\/li>\n<li>\n<h6><span style=\"color: #008000;\"><strong>10.00\u00a0 \u00a0M\u00e4ssa p\u00e5 svenska i Mariehamn<br \/>\n<\/strong><\/span><\/h6>\n<h6><span style=\"color: #008000;\"><span style=\"color: #ffffff;\"><strong>10.00<\/strong><\/span>\u00a0 \u00a0S:T G\u00d6RANS LUTHERSKA KYRKA<\/span><\/h6>\n<h6><span style=\"color: #008000;\"><span style=\"color: #ffffff;\"><strong>10.00<\/strong><\/span>\u00a0 \u00a0<a style=\"color: #008000;\" href=\"https:\/\/www.google.com\/maps\/place\/Pyh%C3%A4n+Yrj%C3%B6n+kirkko\/@60.0972392,19.9348252,16z\/data=!3m1!4b1!4m6!3m5!1s0x468ac40b345d8cef:0xd2eebba6fff12956!8m2!3d60.0972392!4d19.9348252!16s%2Fg%2F11b6bgbz0w?entry=ttu&amp;g_ep=EgoyMDI1MDEwMS4wIKXMDSoASAFQAw%3D%3D\" target=\"_blank\" rel=\"noopener\">\u00d6stra Esplanadgatan 6 \u00b7 Mariehamn<\/a><\/span><\/h6>\n<\/li>\n<li>\n<h6><span style=\"color: #0000ff;\"><strong>12.00\u00a0 \u00a0Helig m\u00e4ssa &amp; f\u00f6rsta kommunion<\/strong><\/span><\/h6>\n<\/li>\n<\/ul>\n<p>&nbsp;<\/p>\n<h3><span style=\"color: #ff0000;\"><strong>P\u00c5 S\u00d6NDAG DEN 10.5.2026<\/strong><\/span><\/h3>\n<h6><span style=\"color: #ff0000;\"><strong>Sj\u00e4tte p\u00e5sks\u00f6ndagen<\/strong><\/span><\/h6>\n<ul>\n<li>\n<h6><span style=\"color: #0000ff;\"><strong>09.00\u00a0 \u00a0M\u00e4ssa p\u00e5 svenska<\/strong><\/span><\/h6>\n<\/li>\n<li>\n<h6>10.00\u00a0 \u00a0Rosenkrans<\/h6>\n<\/li>\n<li>\n<h6><strong>10.30\u00a0 \u00a0H\u00f6gm\u00e4ssa<\/strong><\/h6>\n<\/li>\n<li>\n<h6><span style=\"color: #008000;\"><strong>15.00\u00a0 \u00a0M\u00e4ssa p\u00e5 finska i Eura\u00e5minne<br \/>\n<span style=\"color: #ffffff;\">15.00<\/span>\u00a0 \u00a0<\/strong>KUSTAA AADOLFIN LUTERILAINEN KIRKKO<strong><br \/>\n<span style=\"color: #ffffff;\">15.00\u00a0 \u00a0<\/span><\/strong>Gustav Adolfs lutherska kyrka<strong><br \/>\n<\/strong><\/span><\/h6>\n<h6><span style=\"color: #008000;\"><strong><span style=\"color: #ffffff;\">15.00\u00a0 \u00a0<\/span><\/strong><a style=\"color: #008000;\" href=\"https:\/\/www.google.fi\/maps\/place\/Eurajoen+kirkko\/@61.2023265,21.7293437,593m\/data=!3m1!1e3!4m6!3m5!1s0x46897b3e7a31e23f:0x91880614d7c50c3!8m2!3d61.2022464!4d21.7314036!16s%2Fg%2F122kclk_?entry=ttu&amp;g_ep=EgoyMDI2MDEwNy4wIKXMDSoASAFQAw%3D%3D\" target=\"_blank\" rel=\"noopener\">Kirkkotie 8 \u00b7 Eurajoki<\/a><\/span><\/h6>\n<\/li>\n<li>\n<h6><strong><span style=\"color: #008000;\">17.00\u00a0 \u00a0M\u00e4ssa p\u00e5 finska i Bj\u00f6rneborg<\/span><\/strong><\/h6>\n<h6><span style=\"color: #008000;\"><span style=\"color: #ffffff;\"><strong>17.00<\/strong><\/span>\u00a0 \u00a0PYH\u00c4N JOHANNES TEOLOGIN<br \/>\n<span style=\"color: #ffffff;\"><strong>17.00<\/strong><\/span>\u00a0 \u00a0ORTODOKSINEN KIRKKO<\/span><br \/>\n<span style=\"color: #008000;\"><span style=\"color: #ffffff;\"><strong>17.00<\/strong><\/span>\u00a0 \u00a0S:t Johannes Teologens ortodoxa kyrka<\/span><\/h6>\n<h6><span style=\"color: #008000;\"><span style=\"color: #ffffff;\"><strong>17.00<\/strong><\/span>\u00a0 \u00a0<a style=\"color: #008000;\" href=\"https:\/\/www.google.com\/maps\/place\/Apostoli+Johannes+Teologin+kirkko\/@61.4857677,21.7585103,17z\/data=!3m1!4b1!4m6!3m5!1s0x46890adfe53e3a3f:0x3cf0ca76d6b0d30f!8m2!3d61.4857677!4d21.7610852!16s%2Fg%2F121vxlv4?hl=fi&amp;entry=ttu\" target=\"_blank\" rel=\"noopener\">Maantiekatu 46 \u00b7 Pori<\/a><\/span><\/h6>\n<\/li>\n<li>\n<h6>18.00\u00a0 \u00a0M\u00e4ssa p\u00e5 engelska<\/h6>\n<\/li>\n<\/ul>\n<p>&nbsp;<\/p>\n<h3><strong>P\u00c5 ONSDAG DEN 13.5.2026<\/strong><\/h3>\n<h6><strong>Den saliga jungfru Maria av Fatima<\/strong><\/h6>\n<ul>\n<li>\n<h6><em>07.30\u00a0 \u00a0INGEN M\u00c4SSA<\/em><\/h6>\n<\/li>\n<li>\n<h6><span style=\"color: #0000ff;\"><strong>18.00\u00a0 \u00a0M\u00e4ssa p\u00e5 finska &amp; novena<\/strong><\/span><\/h6>\n<\/li>\n<\/ul>\n<p>&nbsp;<\/p>\n<h3><span style=\"color: #ff0000;\"><strong>P\u00c5 TORSDAG DEN 14.5.2026<\/strong><\/span><\/h3>\n<h6><span style=\"color: #ff0000;\"><strong>Kristi himmelsf\u00e4rds dag<\/strong><\/span><br \/>\n<strong>P\u00e5bjuden h\u00f6gtid \u2605<\/strong><\/h6>\n<ul>\n<li>\n<h6><span style=\"color: #0000ff;\"><strong>10.30\u00a0 \u00a0Festm\u00e4ssa &amp; novena<\/strong><\/span><\/h6>\n<\/li>\n<li>\n<h6><em>17.30\u00a0 \u00a0INGEN ADORATION<\/em><\/h6>\n<\/li>\n<li>\n<h6><span style=\"color: #0000ff;\"><strong>18.00\u00a0 \u00a0M\u00e4ssa p\u00e5 engelska<\/strong><\/span><\/h6>\n<\/li>\n<\/ul>\n<p>&nbsp;<\/p>\n<h3><strong>P\u00c5 FREDAG DEN 15.5.2026<\/strong><\/h3>\n<ul>\n<li>\n<h6>07.30\u00a0 \u00a0INGEN M\u00c4SSA<\/h6>\n<\/li>\n<li>\n<h6><span style=\"color: #0000ff;\"><strong>18.00\u00a0 \u00a0P\u00e5sktidens m\u00e4ssa &amp; novena<\/strong><\/span><\/h6>\n<\/li>\n<\/ul>\n<p>&nbsp;<\/p>\n<h3><strong>P\u00c5 L\u00d6RDAG DEN 16.5.2026<\/strong><\/h3>\n<ul>\n<li>\n<h6><em>07.30\u00a0 \u00a0INGEN M\u00c4SSA<\/em><\/h6>\n<\/li>\n<li>\n<h6><span style=\"color: #008000;\"><strong>13.30\u00a0 \u00a0M\u00e4ssa p\u00e5 tagalogiska i Raumo<br \/>\n<span style=\"color: #ffffff;\">13.30<\/span><\/strong>\u00a0 \u00a0NUORTENTALO<\/span><br \/>\n<span style=\"color: #008000;\"><span style=\"color: #ffffff;\"><strong>13.30<\/strong><\/span>\u00a0 \u00a0<a style=\"color: #008000;\" href=\"https:\/\/www.google.fi\/maps\/place\/Hallikatu+12,+26100+Rauma\/@61.1295963,21.496425,17z\/data=!3m1!4b1!4m6!3m5!1s0x46897e0e3c233317:0x91d7873be4771097!8m2!3d61.1295937!4d21.4989999!16s%2Fg%2F11kq0f8jk7?entry=ttu\" target=\"_blank\" rel=\"noopener\">Hallikatu 12 \u00b7 Rauma<\/a><\/span><\/h6>\n<\/li>\n<li>\n<h6><span style=\"color: #0000ff;\"><strong>18.00\u00a0 \u00a0Biskopsm\u00e4ssa &amp; novena<\/strong><\/span><\/h6>\n<\/li>\n<\/ul>\n<p>&nbsp;<\/p>\n<h3><span style=\"color: #ff0000;\"><strong>P\u00c5 S\u00d6NDAG DEN 17.5.2026<\/strong><\/span><\/h3>\n<h6><span style=\"color: #ff0000;\"><strong>Sjunde p\u00e5sks\u00f6ndagen<\/strong><\/span><\/h6>\n<ul>\n<li>\n<h6>09.00\u00a0 \u00a0M\u00e4ssa p\u00e5 latin<\/h6>\n<\/li>\n<li>\n<h6>10.00\u00a0 \u00a0Rosenkrans<\/h6>\n<\/li>\n<li>\n<h6><span style=\"color: #0000ff;\"><strong>10.30\u00a0 \u00a0Biskopsm\u00e4ssa &amp; novena<\/strong><\/span><\/h6>\n<\/li>\n<li>\n<h6>12.30\u00a0 \u00a0M\u00e4ssa p\u00e5 tagalog<\/h6>\n<\/li>\n<li>\n<h6><span style=\"color: #0000ff;\"><strong>17.00\u00a0 \u00a0B\u00f6ntj\u00e4nst<\/strong><\/span><\/h6>\n<\/li>\n<li>\n<h6>18.00\u00a0 \u00a0M\u00e4ssa p\u00e5 engelska<\/h6>\n<\/li>\n<\/ul>\n<p>&nbsp;<\/p>\n<h3><strong>P\u00c5 M\u00c5NDAG DEN 18.5.2026<\/strong><\/h3>\n<h6><strong>S:t Erik, konung och martyr<br \/>\nSveriges skyddspatron<\/strong><\/h6>\n<ul>\n<li>\n<h6><em>07.30\u00a0 \u00a0INGEN M\u00c4SSA<\/em><\/h6>\n<\/li>\n<li>\n<h6><span style=\"color: #0000ff;\"><strong>18.00\u00a0 \u00a0M\u00e4ssa p\u00e5 finska &amp; novena<\/strong><\/span><\/h6>\n<\/li>\n<\/ul>\n<p>&nbsp;<\/p>\n<h3><strong>P\u00c5 TISDAG DEN 19.5.2026<\/strong><\/h3>\n<ul>\n<li>\n<h6>18.00\u00a0 \u00a0P\u00e5sktidens m\u00e4ssa p\u00e5 finska &amp; novena<\/h6>\n<\/li>\n<li>\n<h6>18.45\u00a0 \u00a0Information kurs p\u00e5 finska<\/h6>\n<\/li>\n<\/ul>\n<p>&nbsp;<\/p>\n<h3><strong>P\u00c5 ONSDAG DEN 20.5.2026<\/strong><\/h3>\n<ul>\n<li>\n<h6><em>07.30\u00a0 \u00a0INGEN M\u00c4SSA<\/em><\/h6>\n<\/li>\n<li>\n<h6><span style=\"color: #0000ff;\"><strong>18.00\u00a0 \u00a0P\u00e5sktidens m\u00e4ssa p\u00e5 finska &amp; novena<\/strong><\/span><\/h6>\n<\/li>\n<\/ul>\n<p>&nbsp;<\/p>\n<h3><strong>P\u00c5 TORSDAG DEN 21.5.2026<\/strong><\/h3>\n<ul>\n<li>\n<h6>17.30\u00a0 \u00a0Adoration<\/h6>\n<\/li>\n<li>\n<h6>18.00\u00a0 \u00a0P\u00e5sktidens m\u00e4ssa p\u00e5 finska &amp; novena<\/h6>\n<\/li>\n<\/ul>\n<p>&nbsp;<\/p>\n<h3><span style=\"color: #ff0000;\"><strong>P\u00c5 FREDAG DEN 22.5.2026<\/strong><\/span><\/h3>\n<h6><span style=\"color: #ff0000;\"><strong>Den salige Hemming, biskop<\/strong><\/span><br \/>\n<strong>F\u00f6rsamlingens skyddshelgons fest<\/strong><\/h6>\n<ul>\n<li>\n<h6>07.30\u00a0 \u00a0INGEN M\u00c4SSA<\/h6>\n<\/li>\n<li>\n<h6><span style=\"color: #0000ff;\"><strong>18.00\u00a0 \u00a0Festm\u00e4ssa &amp; adoration<\/strong><\/span><\/h6>\n<\/li>\n<\/ul>\n<p>&nbsp;<\/p>\n<h3><strong>P\u00c5 L\u00d6RDAG DEN 23.5.2026<\/strong><\/h3>\n<ul>\n<li>\n<h6>07.30\u00a0 \u00a0V\u00e5rfrum\u00e4ssa<\/h6>\n<\/li>\n<li>\n<h6><span style=\"color: #008000;\"><strong>10.00\u00a0 \u00a0M\u00e4ssa p\u00e5 svenska i Mariehamn<br \/>\n<\/strong><\/span><\/h6>\n<h6><span style=\"color: #008000;\"><span style=\"color: #ffffff;\"><strong>10.00<\/strong><\/span>\u00a0 \u00a0S:T G\u00d6RANS LUTHERSKA KYRKA<\/span><\/h6>\n<h6><span style=\"color: #008000;\"><span style=\"color: #ffffff;\"><strong>10.00<\/strong><\/span>\u00a0 \u00a0<a style=\"color: #008000;\" href=\"https:\/\/www.google.com\/maps\/place\/Pyh%C3%A4n+Yrj%C3%B6n+kirkko\/@60.0972392,19.9348252,16z\/data=!3m1!4b1!4m6!3m5!1s0x468ac40b345d8cef:0xd2eebba6fff12956!8m2!3d60.0972392!4d19.9348252!16s%2Fg%2F11b6bgbz0w?entry=ttu&amp;g_ep=EgoyMDI1MDEwMS4wIKXMDSoASAFQAw%3D%3D\" target=\"_blank\" rel=\"noopener\">\u00d6stra Esplanadgatan 6 \u00b7 Mariehamn<\/a><\/span><\/h6>\n<\/li>\n<\/ul>\n<p>&nbsp;<\/p>\n<h3><span style=\"color: #ff0000;\"><strong>P\u00c5 S\u00d6NDAG DEN 24.5.2026<\/strong><\/span><\/h3>\n<h6><span style=\"color: #ff0000;\"><strong>Pingsts\u00f6ndagen<\/strong><\/span><\/h6>\n<ul>\n<li>\n<h6><span style=\"color: #0000ff;\"><strong>09.00\u00a0 \u00a0M\u00e4ssa p\u00e5 svenska<\/strong><\/span><\/h6>\n<\/li>\n<li>\n<h6>10.00\u00a0 \u00a0Rosenkrans<\/h6>\n<\/li>\n<li>\n<h6><strong>10.30\u00a0 \u00a0H\u00f6gm\u00e4ssa<\/strong><\/h6>\n<\/li>\n<li>\n<h6>12.30\u00a0 \u00a0M\u00e4ssa p\u00e5 vietnamesiska<\/h6>\n<\/li>\n<li>\n<h6><span style=\"color: #008000;\"><strong>15.00\u00a0 \u00a0M\u00e4ssa p\u00e5 finska i Eura\u00e5minne<br \/>\n<span style=\"color: #ffffff;\">15.00<\/span>\u00a0 \u00a0<\/strong>KUSTAA AADOLFIN LUTERILAINEN KIRKKO<strong><br \/>\n<span style=\"color: #ffffff;\">15.00\u00a0 \u00a0<\/span><\/strong>Gustav Adolfs lutherska kyrka<strong><br \/>\n<\/strong><\/span><\/h6>\n<h6><span style=\"color: #008000;\"><strong><span style=\"color: #ffffff;\">15.00\u00a0 \u00a0<\/span><\/strong><a style=\"color: #008000;\" href=\"https:\/\/www.google.fi\/maps\/place\/Eurajoen+kirkko\/@61.2023265,21.7293437,593m\/data=!3m1!1e3!4m6!3m5!1s0x46897b3e7a31e23f:0x91880614d7c50c3!8m2!3d61.2022464!4d21.7314036!16s%2Fg%2F122kclk_?entry=ttu&amp;g_ep=EgoyMDI2MDEwNy4wIKXMDSoASAFQAw%3D%3D\" target=\"_blank\" rel=\"noopener\">Kirkkotie 8 \u00b7 Eurajoki<\/a><\/span><\/h6>\n<\/li>\n<li>\n<h6>18.00\u00a0 \u00a0M\u00e4ssa p\u00e5 engelska<\/h6>\n<\/li>\n<\/ul>\n<p>&nbsp;<\/p>\n<h3><span style=\"color: #ff0000;\"><strong>P\u00c5 TORSDAG DEN 28.5.2026<\/strong><\/span><\/h3>\n<h6><span style=\"color: #ff0000;\"><strong>Jesus Kristus, den evige h\u00f6gpr\u00e4sten<\/strong><\/span><\/h6>\n<ul>\n<li>\n<h6>17.30\u00a0 \u00a0Adoration<\/h6>\n<\/li>\n<li>\n<h6>18.00\u00a0 \u00a0Festm\u00e4ssa<\/h6>\n<\/li>\n<\/ul>\n<p>&nbsp;<\/p>\n<h3><span style=\"color: #ff0000;\"><strong>P\u00c5 S\u00d6NDAG DEN 31.5.2026<\/strong><\/span><\/h3>\n<h6><span style=\"color: #ff0000;\"><strong>Heliga Trefaldighets dag<\/strong><\/span><\/h6>\n<ul>\n<li>\n<h6>09.00\u00a0 \u00a0M\u00e4ssa p\u00e5 latin<\/h6>\n<\/li>\n<li>\n<h6>10.00\u00a0 \u00a0Rosenkrans<\/h6>\n<\/li>\n<li>\n<h6><strong>10.30\u00a0 \u00a0H\u00f6gm\u00e4ssa<\/strong><\/h6>\n<\/li>\n<li>\n<h6>18.00\u00a0 \u00a0M\u00e4ssa p\u00e5 engelska<\/h6>\n<\/li>\n<\/ul>\n<p>&nbsp;<\/p>\n<hr \/>\n<h5>\u25ba\u00a0 <span style=\"color: #000000;\"><a style=\"color: #000000;\" href=\"https:\/\/www.catholicturku.fi\/?cat=219&amp;lang=sv\"><b>Veckoprogrammet<\/b><\/a><\/span><\/h5>\n<h5>\u25ba\u00a0 <span style=\"color: #000000;\"><a style=\"color: #000000;\" href=\"https:\/\/calendar.google.com\/calendar\/embed?src=turunkatolinensrk%40gmail.com&amp;ctz=Europe%2FHelsinki\" target=\"_blank\" rel=\"noopener noreferrer\"><strong>GOOGLE-kalendern<\/strong><\/a><\/span><\/h5>\n<h6><span style=\"color: #ffffff;\">\u00b7<\/span><\/h6>\n<h5>\u25ba\u00a0\u00a0<span style=\"color: #000000;\"><a style=\"color: #000000;\" href=\"https:\/\/www.catholicturku.fi\/?lang=sv\"><strong>HUVUDMENYN<\/strong><\/a><\/span><br \/>\n\u25ba\u00a0 <span style=\"color: #000000;\"><a style=\"color: #000000;\" href=\"https:\/\/www.catholicturku.fi\/?page_id=925&amp;lang=sv\"><strong>F\u00d6RSTASIDAN<\/strong><\/a><\/span><\/h5>\n<hr \/>\n<h6 style=\"text-align: center;\"><strong>Webmaster<br \/>\n<\/strong><\/h6>\n<h6 style=\"text-align: center;\"><span style=\"color: #000000;\"><a style=\"color: #000000;\" href=\"mailto:webmaster@romanos.fi\">webmaster (at) romanos.fi<\/a><\/span><\/h6>\n","protected":false},"excerpt":{"rendered":"<p>&nbsp; HELIGA BIRGITTAS OCH DEN SALIGE HEMMINGS katolska f\u00f6rsamling \u00b7 \u00c5BO \ud83c\uddeb\ud83c\uddee\u00a0FINLAND &nbsp; &nbsp; Heliga m\u00e4ssorna S\u00d6NDAGAR UNDANTAG t.o.m. 31.5.2026 &nbsp; \u00b7 P\u00c5 ONSDAG DEN 29.4.2026 S:ta Katarina av Siena, jungfru och kyrkol\u00e4rare Europas skyddspatron 07.30\u00a0 \u00a0Festm\u00e4ssa &nbsp; P\u00c5 FREDAG DEN 1.5.2026 S:t Josef arbetaren 07.30\u00a0 \u00a0M\u00e4ssa p\u00e5 finska 17.00\u00a0 \u00a0Adoration &nbsp; P\u00c5 S\u00d6NDAG DEN [&hellip;]<\/p>\n","protected":false},"author":1,"featured_media":0,"comment_status":"closed","ping_status":"closed","sticky":false,"template":"","format":"standard","meta":{"footnotes":""},"categories":[239],"tags":[],"class_list":["post-41771","post","type-post","status-publish","format-standard","hentry","category-2-heliga-massorna--sondagar-och-undantag"],"_links":{"self":[{"href":"https:\/\/www.catholicturku.fi\/index.php?rest_route=\/wp\/v2\/posts\/41771","targetHints":{"allow":["GET"]}}],"collection":[{"href":"https:\/\/www.catholicturku.fi\/index.php?rest_route=\/wp\/v2\/posts"}],"about":[{"href":"https:\/\/www.catholicturku.fi\/index.php?rest_route=\/wp\/v2\/types\/post"}],"author":[{"embeddable":true,"href":"https:\/\/www.catholicturku.fi\/index.php?rest_route=\/wp\/v2\/users\/1"}],"replies":[{"embeddable":true,"href":"https:\/\/www.catholicturku.fi\/index.php?rest_route=%2Fwp%2Fv2%2Fcomments&post=41771"}],"version-history":[{"count":1118,"href":"https:\/\/www.catholicturku.fi\/index.php?rest_route=\/wp\/v2\/posts\/41771\/revisions"}],"predecessor-version":[{"id":75564,"href":"https:\/\/www.catholicturku.fi\/index.php?rest_route=\/wp\/v2\/posts\/41771\/revisions\/75564"}],"wp:attachment":[{"href":"https:\/\/www.catholicturku.fi\/index.php?rest_route=%2Fwp%2Fv2%2Fmedia&parent=41771"}],"wp:term":[{"taxonomy":"category","embeddable":true,"href":"https:\/\/www.catholicturku.fi\/index.php?rest_route=%2Fwp%2Fv2%2Fcategories&post=41771"},{"taxonomy":"post_tag","embeddable":true,"href":"https:\/\/www.catholicturku.fi\/index.php?rest_route=%2Fwp%2Fv2%2Ftags&post=41771"}],"curies":[{"name":"wp","href":"https:\/\/api.w.org\/{rel}","templated":true}]}}