{"id":41761,"date":"2022-08-30T22:15:36","date_gmt":"2022-08-30T19:15:36","guid":{"rendered":"https:\/\/www.catholicturku.fi\/?p=41761"},"modified":"2026-04-28T22:06:30","modified_gmt":"2026-04-28T19:06:30","slug":"41761","status":"publish","type":"post","link":"https:\/\/www.catholicturku.fi\/?p=41761&lang=pl","title":{"rendered":""},"content":{"rendered":"<hr \/>\n<p>&nbsp;<\/p>\n<h4 style=\"text-align: center;\"><span style=\"color: #0000ff;\"><strong>Parafia katolicka pw.<\/strong><\/span><\/h4>\n<h1 style=\"text-align: center;\"><span style=\"color: #0000ff;\"><strong>\u015aWI\u0118TEJ BRYGIDY I<br \/>\nB\u0141OGOS\u0141AWIONEGO HEMMINGA<\/strong><\/span><\/h1>\n<h6 style=\"text-align: center;\"><span style=\"color: #0000ff;\">\u00b7<\/span><\/h6>\n<h3 style=\"text-align: center;\"><span style=\"color: #0000ff;\"><strong>Turku<\/strong> \ud83c\uddeb\ud83c\uddee\u00a0<strong>Finlandia<\/strong><\/span><\/h3>\n<p>&nbsp;<\/p>\n<p><img loading=\"lazy\" decoding=\"async\" class=\" wp-image-54374 aligncenter\" src=\"https:\/\/www.catholicturku.fi\/wp-content\/uploads\/kokeilu2.jpg\" alt=\"\" width=\"380\" height=\"253\" srcset=\"https:\/\/www.catholicturku.fi\/wp-content\/uploads\/kokeilu2.jpg 300w, https:\/\/www.catholicturku.fi\/wp-content\/uploads\/kokeilu2-150x100.jpg 150w\" sizes=\"auto, (max-width: 380px) 100vw, 380px\" \/><\/p>\n<p>&nbsp;<\/p>\n<h3 style=\"text-align: center;\"><span style=\"color: #0000ff;\"><strong>Msze \u015bwi\u0119te<\/strong><\/span><\/h3>\n<h1 style=\"text-align: center;\"><span style=\"color: #0000ff;\"><strong>COTYGODNIOWY PROGRAM<\/strong><\/span><\/h1>\n<h1 style=\"text-align: center;\"><span style=\"color: #0000ff;\"><strong>29.4. \u2013 10.5.2026<\/strong><\/span><\/h1>\n<p>&nbsp;<\/p>\n<hr \/>\n<h6 style=\"text-align: center;\"><span style=\"color: #ffffff;\">\u00b7<\/span><\/h6>\n<h3><span style=\"color: #ff0000;\"><strong>W \u015aROD\u0118 29.4.2026<\/strong><\/span><\/h3>\n<h6><span style=\"color: #ff0000;\"><strong>\u015awi\u0119to \u015bw. Katarzyny ze Sieny, dziewicy i m\u0119czennicy<br \/>\nPatronki Europy<\/strong><\/span><\/h6>\n<ul>\n<li>\n<h6>07.30\u00a0 \u00a0Uroczysta msza \u015bwi\u0119ta<\/h6>\n<\/li>\n<\/ul>\n<p>&nbsp;<\/p>\n<h3><strong>W CZWARTEK 30.4.2026<\/strong><\/h3>\n<h6><strong>Wspomnienie \u015bw. Piusa V, papie\u017ca<\/strong><\/h6>\n<ul>\n<li>\n<h6>17.30\u00a0 \u00a0Adoracja<\/h6>\n<\/li>\n<li>\n<h6>18.00\u00a0 \u00a0Msza \u015bwi\u0119ta po fi\u0144sku<\/h6>\n<\/li>\n<\/ul>\n<p>&nbsp;<\/p>\n<h3><strong>W PI\u0104TEK 1.5.2026<\/strong><\/h3>\n<h6><strong>Wspomnienie \u015bw. J\u00f3zefa, rzemie\u015blnika<\/strong><\/h6>\n<ul>\n<li>\n<h6>07.30\u00a0 \u00a0Msza \u015bwi\u0119ta po fi\u0144sku<\/h6>\n<\/li>\n<li>\n<h6><span style=\"color: #0000ff;\"><strong>17.00\u00a0 \u00a0Adoracja<\/strong><\/span><\/h6>\n<\/li>\n<\/ul>\n<p>&nbsp;<\/p>\n<h3><strong>W SOBOT\u0118 2.5.2026<\/strong><\/h3>\n<h6><strong>Wspomnienie \u015bw. Atanazego, biskupa i doktora Ko\u015bcio\u0142a<\/strong><\/h6>\n<ul>\n<li>\n<h6>07.30\u00a0 \u00a0Msza \u015bwi\u0119ta po fi\u0144sku<\/h6>\n<\/li>\n<\/ul>\n<p>&nbsp;<\/p>\n<h3><span style=\"color: #ff0000;\"><strong>W NIEDZIEL\u0118 3.5.2026<\/strong><\/span><\/h3>\n<h6><span style=\"color: #ff0000;\"><strong>Pi\u0105ta Niedziela Wielkanocna<\/strong><\/span><\/h6>\n<ul>\n<li>\n<h6>09.00\u00a0 \u00a0Msza \u015bwi\u0119ta po \u0142acinie<\/h6>\n<\/li>\n<li>\n<h6>10.00\u00a0 \u00a0R\u00f3\u017caniec<\/h6>\n<\/li>\n<li>\n<h6><strong>10.30\u00a0 \u00a0G\u0142\u00f3wna msza \u015bwi\u0119ta<\/strong><\/h6>\n<\/li>\n<li>\n<h6><span style=\"color: #0000ff;\"><strong>12.30\u00a0 \u00a0Msza \u015bwi\u0119ta po polsku<\/strong><\/span><\/h6>\n<\/li>\n<li>\n<h6>18.00\u00a0 \u00a0Msza \u015bwi\u0119ta po angielsku<\/h6>\n<\/li>\n<\/ul>\n<p>&nbsp;<\/p>\n<h3><strong>W PONIEDZIA\u0141EK 4.5.2026<\/strong><\/h3>\n<ul>\n<li>\n<h6>07.30\u00a0 \u00a0Msza \u015bwi\u0119ta Wielkanocna po fi\u0144sku<\/h6>\n<\/li>\n<\/ul>\n<p>&nbsp;<\/p>\n<h3><strong>WE WTOREK 5.5.2026<\/strong><\/h3>\n<ul>\n<li>\n<h6>18.00\u00a0 \u00a0Msza \u015bwi\u0119ta Wielkanocna po fi\u0144sku<\/h6>\n<\/li>\n<\/ul>\n<p>&nbsp;<\/p>\n<h3><strong>W \u015aROD\u0118 6.5.2026<\/strong><\/h3>\n<ul>\n<li>\n<h6>07.30\u00a0 \u00a0Msza \u015bwi\u0119ta Wielkanocna po fi\u0144sku<\/h6>\n<\/li>\n<\/ul>\n<p>&nbsp;<\/p>\n<h3><strong>W CZWARTEK 7.5.2026<\/strong><\/h3>\n<ul>\n<li>\n<h6>17.30\u00a0 \u00a0Adoracja<\/h6>\n<\/li>\n<li>\n<h6>18.00\u00a0 \u00a0Msza \u015bwi\u0119ta Wielkanocna po fi\u0144sku<\/h6>\n<\/li>\n<\/ul>\n<p>&nbsp;<\/p>\n<h3><strong>W PI\u0104TEK 8.5.2026<\/strong><\/h3>\n<ul>\n<li>\n<h6>07.30\u00a0 \u00a0Msza \u015bwi\u0119ta Wielkanocna po fi\u0144sku<\/h6>\n<\/li>\n<\/ul>\n<p>&nbsp;<\/p>\n<h3><span style=\"color: #333333;\"><strong>W SOBOT\u0118 9.5.2026<\/strong><\/span><\/h3>\n<ul>\n<li>\n<h6>07.30\u00a0 \u00a0Msza \u015bwi\u0119ta ku czci Naj\u015bwi\u0119tszej Maryi Panny<\/h6>\n<\/li>\n<li>\n<h6><span style=\"color: #008000;\"><strong>10.00\u00a0 \u00a0Msza \u015bwi\u0119ta po szwedzku w Mariehamn<br \/>\n<\/strong><\/span><\/h6>\n<h6><span style=\"color: #008000;\"><span style=\"color: #ffffff;\"><strong>10.00<\/strong><\/span>\u00a0 \u00a0S:T G\u00d6RANS LUTHERSKA KYRKA<\/span><\/h6>\n<h6><span style=\"color: #008000;\"><span style=\"color: #ffffff;\"><strong>10.00<\/strong><\/span>\u00a0 \u00a0Ko\u015bci\u00f3\u0142 lutera\u0144ski \u015bw. Jerzego<\/span><\/h6>\n<h6><span style=\"color: #008000;\"><span style=\"color: #ffffff;\"><strong>10.00<\/strong><\/span>\u00a0 \u00a0<a style=\"color: #008000;\" href=\"https:\/\/www.google.com\/maps\/place\/Pyh%C3%A4n+Yrj%C3%B6n+kirkko\/@60.0972392,19.9348252,16z\/data=!3m1!4b1!4m6!3m5!1s0x468ac40b345d8cef:0xd2eebba6fff12956!8m2!3d60.0972392!4d19.9348252!16s%2Fg%2F11b6bgbz0w?entry=ttu&amp;g_ep=EgoyMDI1MDEwMS4wIKXMDSoASAFQAw%3D%3D\" target=\"_blank\" rel=\"noopener\">\u00d6stra Esplanadgatan 6 \u00b7 Mariehamn<\/a><\/span><\/h6>\n<\/li>\n<li>\n<h6><span style=\"color: #0000ff;\"><strong>12.00\u00a0 \u00a0Msza \u015bwi\u0119ta &amp; pierwsza komunia<\/strong><\/span><\/h6>\n<\/li>\n<\/ul>\n<p>&nbsp;<\/p>\n<h3><span style=\"color: #ff0000;\"><strong>W NIEDZIEL\u0118 10.5.2026<\/strong><\/span><\/h3>\n<h6><span style=\"color: #ff0000;\"><strong>Sz\u00f3sta Niedziela Wielkanocna<\/strong><\/span><\/h6>\n<ul>\n<li>\n<h6>09.00\u00a0 \u00a0Msza \u015bwi\u0119ta po szwedzku<\/h6>\n<\/li>\n<li>\n<h6>10.00\u00a0 \u00a0R\u00f3\u017caniec<\/h6>\n<\/li>\n<li>\n<h6><strong>10.30\u00a0 \u00a0G\u0142\u00f3wna msza \u015bwi\u0119ta<\/strong><\/h6>\n<\/li>\n<li>\n<h6><span style=\"color: #008000;\"><strong>15.00\u00a0 \u00a0Msza \u015bwi\u0119ta po fi\u0144sku w Eurajoki<br \/>\n<\/strong><\/span><\/h6>\n<h6><span style=\"color: #008000;\"><strong><span style=\"color: #ffffff;\">15.00<\/span>\u00a0 \u00a0<\/strong>KUSTAA AADOLFIN LUTERILAINEN KIRKKO<strong><br \/>\n<span style=\"color: #ffffff;\">15.00<\/span>\u00a0 \u00a0<\/strong>Ko\u015bci\u00f3\u0142 lutera\u0144ski Gustawa Adolfa<strong><br \/>\n<\/strong><\/span><\/h6>\n<h6><span style=\"color: #008000;\"><strong><span style=\"color: #ffffff;\">15.00<\/span>\u00a0 \u00a0<\/strong><a style=\"color: #008000;\" href=\"https:\/\/www.google.fi\/maps\/place\/Eurajoen+kirkko\/@61.2023265,21.7293437,593m\/data=!3m1!1e3!4m6!3m5!1s0x46897b3e7a31e23f:0x91880614d7c50c3!8m2!3d61.2022464!4d21.7314036!16s%2Fg%2F122kclk_?entry=ttu&amp;g_ep=EgoyMDI2MDEwNy4wIKXMDSoASAFQAw%3D%3D\" target=\"_blank\" rel=\"noopener\">Kirkkotie 8 \u00b7 Eurajoki<\/a><\/span><\/h6>\n<\/li>\n<li>\n<h6><span style=\"color: #008000;\"><strong>17.00\u00a0 \u00a0Msza \u015bwi\u0119ta po fi\u0144sku w Pori<\/strong><br \/>\n<\/span><\/h6>\n<h6><span style=\"color: #008000;\"><span style=\"color: #ffffff;\"><strong>17.00<\/strong><\/span>\u00a0 \u00a0PYH\u00c4N JOHANNES TEOLOGIN<br \/>\n<span style=\"color: #ffffff;\"><strong>17.00<\/strong><\/span>\u00a0 \u00a0ORTODOKSINEN KIRKKO<\/span><br \/>\n<span style=\"color: #008000;\"><span style=\"color: #ffffff;\"><strong>17.00<\/strong><\/span>\u00a0 \u00a0Ko\u015bci\u00f3\u0142 prawos\u0142awny \u015bw. Jana Teologa<\/span><\/h6>\n<h6><span style=\"color: #008000;\"><span style=\"color: #ffffff;\"><strong>17.00<\/strong><\/span>\u00a0 \u00a0<a style=\"color: #008000;\" href=\"https:\/\/www.google.com\/maps\/place\/Apostoli+Johannes+Teologin+kirkko\/@61.4857677,21.7585103,17z\/data=!3m1!4b1!4m6!3m5!1s0x46890adfe53e3a3f:0x3cf0ca76d6b0d30f!8m2!3d61.4857677!4d21.7610852!16s%2Fg%2F121vxlv4?hl=fi&amp;entry=ttu\" target=\"_blank\" rel=\"noopener\">Maantiekatu 46 \u00b7 Pori<\/a><\/span><\/h6>\n<\/li>\n<li>\n<h6>18.00\u00a0 \u00a0Msza \u015bwi\u0119ta po angielsku<\/h6>\n<\/li>\n<\/ul>\n<p>&nbsp;<\/p>\n<hr \/>\n<h5>\u25ba\u00a0 <span style=\"color: #000000;\"><a style=\"color: #000000;\" href=\"https:\/\/www.catholicturku.fi\/?cat=245&amp;lang=pl\"><strong>Niedziele i wyj\u0105tki<\/strong><\/a><\/span><\/h5>\n<h5>\u25ba\u00a0 <span style=\"color: #000000;\"><a style=\"color: #000000;\" href=\"https:\/\/calendar.google.com\/calendar\/embed?src=turunkatolinensrk%40gmail.com&amp;ctz=Europe%2FHelsinki\" target=\"_blank\" rel=\"noopener noreferrer\"><strong>Kalendarz GOOGLE<\/strong><\/a><\/span><\/h5>\n<h6><span style=\"color: #ffffff;\">\u00b7<\/span><\/h6>\n<h5>\u25ba\u00a0\u00a0<a href=\"https:\/\/www.catholicturku.fi\/?lang=pl\"><strong><span style=\"color: #000000;\">MENU G\u0141\u00d3WNE<\/span><\/strong><\/a><\/h5>\n<h5>\u25ba\u00a0 <span style=\"color: #000000;\"><a style=\"color: #000000;\" href=\"https:\/\/www.catholicturku.fi\/?page_id=1050&amp;lang=pl\"><strong>STRONA G\u0141\u00d3WNA<\/strong><\/a><\/span><\/h5>\n<hr \/>\n<h6 style=\"text-align: center;\"><strong>Webmaster<\/strong><\/h6>\n<h6 style=\"text-align: center;\"><span style=\"color: #000000;\"><a style=\"color: #000000;\" href=\"mailto:webmaster@romanos.fi\">webmaster (at) romanos.fi<\/a><\/span><\/h6>\n","protected":false},"excerpt":{"rendered":"<p>&nbsp; Parafia katolicka pw. \u015aWI\u0118TEJ BRYGIDY I B\u0141OGOS\u0141AWIONEGO HEMMINGA \u00b7 Turku \ud83c\uddeb\ud83c\uddee\u00a0Finlandia &nbsp; &nbsp; Msze \u015bwi\u0119te COTYGODNIOWY PROGRAM 29.4. \u2013 10.5.2026 &nbsp; \u00b7 W \u015aROD\u0118 29.4.2026 \u015awi\u0119to \u015bw. Katarzyny ze Sieny, dziewicy i m\u0119czennicy Patronki Europy 07.30\u00a0 \u00a0Uroczysta msza \u015bwi\u0119ta &nbsp; W CZWARTEK 30.4.2026 Wspomnienie \u015bw. Piusa V, papie\u017ca 17.30\u00a0 \u00a0Adoracja 18.00\u00a0 \u00a0Msza \u015bwi\u0119ta po [&hellip;]<\/p>\n","protected":false},"author":1,"featured_media":0,"comment_status":"closed","ping_status":"closed","sticky":false,"template":"","format":"standard","meta":{"footnotes":""},"categories":[225],"tags":[],"class_list":["post-41761","post","type-post","status-publish","format-standard","hentry","category-1-msze-swiete--cotygodniowy-program"],"_links":{"self":[{"href":"https:\/\/www.catholicturku.fi\/index.php?rest_route=\/wp\/v2\/posts\/41761","targetHints":{"allow":["GET"]}}],"collection":[{"href":"https:\/\/www.catholicturku.fi\/index.php?rest_route=\/wp\/v2\/posts"}],"about":[{"href":"https:\/\/www.catholicturku.fi\/index.php?rest_route=\/wp\/v2\/types\/post"}],"author":[{"embeddable":true,"href":"https:\/\/www.catholicturku.fi\/index.php?rest_route=\/wp\/v2\/users\/1"}],"replies":[{"embeddable":true,"href":"https:\/\/www.catholicturku.fi\/index.php?rest_route=%2Fwp%2Fv2%2Fcomments&post=41761"}],"version-history":[{"count":393,"href":"https:\/\/www.catholicturku.fi\/index.php?rest_route=\/wp\/v2\/posts\/41761\/revisions"}],"predecessor-version":[{"id":75590,"href":"https:\/\/www.catholicturku.fi\/index.php?rest_route=\/wp\/v2\/posts\/41761\/revisions\/75590"}],"wp:attachment":[{"href":"https:\/\/www.catholicturku.fi\/index.php?rest_route=%2Fwp%2Fv2%2Fmedia&parent=41761"}],"wp:term":[{"taxonomy":"category","embeddable":true,"href":"https:\/\/www.catholicturku.fi\/index.php?rest_route=%2Fwp%2Fv2%2Fcategories&post=41761"},{"taxonomy":"post_tag","embeddable":true,"href":"https:\/\/www.catholicturku.fi\/index.php?rest_route=%2Fwp%2Fv2%2Ftags&post=41761"}],"curies":[{"name":"wp","href":"https:\/\/api.w.org\/{rel}","templated":true}]}}