{"id":41739,"date":"2022-08-30T22:07:41","date_gmt":"2022-08-30T19:07:41","guid":{"rendered":"https:\/\/www.catholicturku.fi\/?p=41739"},"modified":"2026-04-28T15:42:06","modified_gmt":"2026-04-28T12:42:06","slug":"41739","status":"publish","type":"post","link":"https:\/\/www.catholicturku.fi\/?p=41739&lang=fr","title":{"rendered":""},"content":{"rendered":"<hr \/>\n<p>&nbsp;<\/p>\n<h4 style=\"text-align: center;\"><span style=\"color: #0000ff;\"><strong>Paroisse catholique<\/strong><\/span><\/h4>\n<h1 style=\"text-align: center;\"><span style=\"color: #0000ff;\"><strong>SAINTE BRIGITTE ET<br \/>\nBIENHEUREUX HEMMING<\/strong><\/span><\/h1>\n<h6 style=\"text-align: center;\"><span style=\"color: #0000ff;\">\u00b7<\/span><\/h6>\n<h3 style=\"text-align: center;\"><span style=\"color: #0000ff;\"><strong>Turku<\/strong> \ud83c\uddeb\ud83c\uddee\u00a0<strong>Finlande<\/strong><\/span><\/h3>\n<p>&nbsp;<\/p>\n<p><img loading=\"lazy\" decoding=\"async\" class=\" wp-image-54374 aligncenter\" src=\"https:\/\/www.catholicturku.fi\/wp-content\/uploads\/kokeilu2.jpg\" alt=\"\" width=\"380\" height=\"253\" srcset=\"https:\/\/www.catholicturku.fi\/wp-content\/uploads\/kokeilu2.jpg 300w, https:\/\/www.catholicturku.fi\/wp-content\/uploads\/kokeilu2-150x100.jpg 150w\" sizes=\"auto, (max-width: 380px) 100vw, 380px\" \/><\/p>\n<p>&nbsp;<\/p>\n<h3 style=\"text-align: center;\"><span style=\"color: #0000ff;\"><strong>Saintes messes<\/strong><\/span><\/h3>\n<h1 style=\"text-align: center;\"><span style=\"color: #0000ff;\"><strong>DIMANCHES<\/strong><\/span><\/h1>\n<h1 style=\"text-align: center;\"><span style=\"color: #0000ff;\"><strong>EXCEPTIONS<\/strong><\/span><\/h1>\n<h3 style=\"text-align: center;\"><span style=\"color: #0000ff;\"><strong>jusqu&#8217;\u00e0 31.5.2026<\/strong><\/span><\/h3>\n<p>&nbsp;<\/p>\n<hr \/>\n<h6 style=\"text-align: center;\"><span style=\"color: #ffffff;\">\u00b7<\/span><\/h6>\n<h3><span style=\"color: #ff0000;\"><strong>LE MERCREDI 29.4.2026<\/strong><\/span><\/h3>\n<h6><span style=\"color: #ff0000;\"><strong>Sainte Catherine de Sienne, vierge et docteur de l\u2019\u00c9glise<br \/>\nPatronne de l\u2019Europe<\/strong><\/span><\/h6>\n<ul>\n<li>\n<h6>07h30\u00a0 \u00a0Messe de la f\u00eate<\/h6>\n<\/li>\n<\/ul>\n<p>&nbsp;<\/p>\n<h3><strong>LE LUNDI 1.5.2026<\/strong><\/h3>\n<h6><strong>Saint Joseph, travailleur<\/strong><\/h6>\n<ul>\n<li>\n<h6>07h30\u00a0 \u00a0Messe en finnois<\/h6>\n<\/li>\n<li>\n<h6><span style=\"color: #0000ff;\"><strong>17h00\u00a0 \u00a0Adoration du Saint Sacrement<\/strong><\/span><\/h6>\n<\/li>\n<\/ul>\n<p>&nbsp;<\/p>\n<h3><span style=\"color: #ff0000;\"><strong>LE DIMANCHE 3.5.2026<\/strong><\/span><\/h3>\n<h6><span style=\"color: #ff0000;\"><strong>Cinqu\u00e8me dimanche de P\u00e2ques<\/strong><\/span><\/h6>\n<ul>\n<li>\n<h6>09h00\u00a0 \u00a0Messe en latin<\/h6>\n<\/li>\n<li>\n<h6>10h00\u00a0 \u00a0Chapelet<\/h6>\n<\/li>\n<li>\n<h6><strong>10h30\u00a0 \u00a0Grand&#8217;messe<\/strong><\/h6>\n<\/li>\n<li>\n<h6>12h30\u00a0 \u00a0Messe en polonais<\/h6>\n<\/li>\n<li>\n<h6>18h00\u00a0 \u00a0Messe en anglais<\/h6>\n<\/li>\n<\/ul>\n<p>&nbsp;<\/p>\n<h3><span style=\"color: #333333;\"><strong>LE SAMEDI 9.5.2026<\/strong><\/span><\/h3>\n<ul>\n<li>\n<h6>07h30\u00a0 \u00a0Messe en l\u2019honneur de la Vierge Marie<\/h6>\n<\/li>\n<li>\n<h6><span style=\"color: #008000;\"><strong>10h00\u00a0 \u00a0Messe en su\u00e9dois \u00e0 Mariehamn<br \/>\n<\/strong><\/span><\/h6>\n<h6><span style=\"color: #008000;\"><strong><span style=\"color: #ffffff;\">10h00<\/span>\u00a0 \u00a0<\/strong>S:T G\u00d6RANS LUTHERSKA KYRKA<\/span><br \/>\n<span style=\"color: #008000;\"><span style=\"color: #ffffff;\"><strong>10h00<\/strong><\/span>\u00a0 \u00a0\u00c9glise luth\u00e9rienne Saint-Georges<\/span><\/h6>\n<h6><span style=\"color: #008000;\"><span style=\"color: #ffffff;\"><strong>10h00<\/strong><\/span>\u00a0 \u00a0<a style=\"color: #008000;\" href=\"https:\/\/www.google.com\/maps\/place\/Pyh%C3%A4n+Yrj%C3%B6n+kirkko\/@60.0972392,19.9348252,16z\/data=!3m1!4b1!4m6!3m5!1s0x468ac40b345d8cef:0xd2eebba6fff12956!8m2!3d60.0972392!4d19.9348252!16s%2Fg%2F11b6bgbz0w?entry=ttu&amp;g_ep=EgoyMDI1MDEwMS4wIKXMDSoASAFQAw%3D%3D\" target=\"_blank\" rel=\"noopener\">\u00d6stra Esplanadgatan 6 \u00b7 Mariehamn<\/a><\/span><\/h6>\n<\/li>\n<li>\n<h6><span style=\"color: #0000ff;\"><strong>12h00\u00a0 \u00a0Sainte Messe &amp; premi\u00e8re communion<\/strong><\/span><\/h6>\n<\/li>\n<\/ul>\n<p>&nbsp;<\/p>\n<h3><span style=\"color: #ff0000;\"><strong>LE DIMANCHE 10.5.2026<\/strong><\/span><\/h3>\n<h6><span style=\"color: #ff0000;\"><strong>Sixi\u00e8me dimanche de P\u00e2ques<\/strong><\/span><\/h6>\n<ul>\n<li>\n<h6>09h00\u00a0 \u00a0Messe en su\u00e9dois<\/h6>\n<\/li>\n<li>\n<h6>10h00\u00a0 \u00a0Chapelet<\/h6>\n<\/li>\n<li>\n<h6><strong>10h30\u00a0 \u00a0Grand&#8217;messe<\/strong><\/h6>\n<\/li>\n<li>\n<h6><span style=\"color: #008000;\"><strong>15h00\u00a0 \u00a0Messe en finnois \u00e0 Eurajoki<br \/>\n<\/strong><\/span><\/h6>\n<h6><span style=\"color: #008000;\"><span style=\"color: #ffffff;\"><strong>15h00<\/strong><\/span>\u00a0 \u00a0KUSTAA AADOLFIN LUTERILAINEN KIRKKO<br \/>\n<span style=\"color: #ffffff;\"><strong>15h00<\/strong><\/span>\u00a0 \u00a0\u00c9glise luth\u00e9rienne Gustave-Adolphe<br \/>\n<\/span><\/h6>\n<h6><span style=\"color: #008000;\"><span style=\"color: #ffffff;\"><strong>15h00<\/strong><\/span>\u00a0 \u00a0<a style=\"color: #008000;\" href=\"https:\/\/www.google.fi\/maps\/place\/Eurajoen+kirkko\/@61.2023265,21.7293437,593m\/data=!3m1!1e3!4m6!3m5!1s0x46897b3e7a31e23f:0x91880614d7c50c3!8m2!3d61.2022464!4d21.7314036!16s%2Fg%2F122kclk_?entry=ttu&amp;g_ep=EgoyMDI2MDEwNy4wIKXMDSoASAFQAw%3D%3D\" target=\"_blank\" rel=\"noopener\">Kirkkotie 8 \u00b7 Eurajoki<\/a><\/span><\/h6>\n<\/li>\n<li>\n<h6><span style=\"color: #008000;\"><strong>17h00\u00a0 \u00a0Messe en finnois \u00e0 Pori<\/strong><br \/>\n<\/span><\/h6>\n<h6><span style=\"color: #008000;\"><span style=\"color: #ffffff;\"><strong>17h00<\/strong><\/span>\u00a0 \u00a0PYH\u00c4N JOHANNES TEOLOGIN<br \/>\n<span style=\"color: #ffffff;\"><strong>17h00<\/strong><\/span>\u00a0 \u00a0ORTODOKSINEN KIRKKO<\/span><br \/>\n<span style=\"color: #008000;\"><span style=\"color: #ffffff;\"><strong>17h00<\/strong><\/span>\u00a0 \u00a0\u00c9glise orthodoxe Saint-Jean le Th\u00e9ologien<\/span><\/h6>\n<h6><span style=\"color: #008000;\"><span style=\"color: #ffffff;\"><strong>17h00<\/strong><\/span>\u00a0 \u00a0<a style=\"color: #008000;\" href=\"https:\/\/www.google.com\/maps\/place\/Apostoli+Johannes+Teologin+kirkko\/@61.4857677,21.7585103,17z\/data=!3m1!4b1!4m6!3m5!1s0x46890adfe53e3a3f:0x3cf0ca76d6b0d30f!8m2!3d61.4857677!4d21.7610852!16s%2Fg%2F121vxlv4?hl=fi&amp;entry=ttu\" target=\"_blank\" rel=\"noopener\">Maantiekatu 46 \u00b7 Pori<\/a><\/span><\/h6>\n<\/li>\n<li>\n<h6>18h00\u00a0 \u00a0Messe en anglais<\/h6>\n<\/li>\n<\/ul>\n<p>&nbsp;<\/p>\n<h3><strong>LE MERCREDI 13.5.2026<\/strong><\/h3>\n<h6><strong>Notre-Dame de Fatima<\/strong><\/h6>\n<ul>\n<li>\n<h6><em>07h30\u00a0 \u00a0PAS DE MESSE<\/em><\/h6>\n<\/li>\n<li>\n<h6><span style=\"color: #0000ff;\"><strong>18.00\u00a0 \u00a0Messe en finnois &amp; neuvaine<\/strong><\/span><\/h6>\n<\/li>\n<\/ul>\n<p>&nbsp;<\/p>\n<h3><span style=\"color: #ff0000;\"><strong>LE JEUDI 14.5.2026<\/strong><\/span><\/h3>\n<h6><span style=\"color: #ff0000;\"><strong>L\u2019Ascension du Seigneur<\/strong><\/span><br \/>\n<strong>F\u00eate d\u2019obligation \u2605<\/strong><\/h6>\n<ul>\n<li>\n<h6><span style=\"color: #0000ff;\"><strong>10h30\u00a0 \u00a0Messe de la f\u00eate &amp; neuvaine<\/strong><\/span><\/h6>\n<\/li>\n<li>\n<h6><em>17h30\u00a0 \u00a0PAS D\u2019ADORATION DU SAINT SACREMENT<\/em><\/h6>\n<\/li>\n<li>\n<h6><span style=\"color: #0000ff;\"><strong>18h00\u00a0 \u00a0Messe en anglais<\/strong><\/span><\/h6>\n<\/li>\n<\/ul>\n<p>&nbsp;<\/p>\n<h3><strong>LE VENDREDI 15.5.2026<\/strong><\/h3>\n<ul>\n<li>\n<h6><em>07h30\u00a0 \u00a0PAS DE MESSE<\/em><\/h6>\n<\/li>\n<li>\n<h6><span style=\"color: #0000ff;\"><strong>18h00\u00a0 \u00a0Messe du Temps Pascal en finnois &amp; neuvaine<\/strong><\/span><\/h6>\n<\/li>\n<\/ul>\n<p>&nbsp;<\/p>\n<h4><strong>LE SAMEDI 16.5.2026<\/strong><\/h4>\n<ul>\n<li>\n<h6><em>07h30\u00a0 \u00a0PAS DE MESSE<\/em><\/h6>\n<\/li>\n<li>\n<h6><span style=\"color: #008000;\"><strong>13h30\u00a0 \u00a0Messe en tagalog \u00e0 Rauma<br \/>\n<span style=\"color: #ffffff;\">13h30<\/span>\u00a0 \u00a0<\/strong>NUORTENTALO<strong><br \/>\n<span style=\"color: #ffffff;\">13h30<\/span>\u00a0 \u00a0<\/strong><a style=\"color: #008000;\" href=\"https:\/\/www.google.fi\/maps\/place\/Hallikatu+12,+26100+Rauma\/@61.1295963,21.496425,17z\/data=!3m1!4b1!4m6!3m5!1s0x46897e0e3c233317:0x91d7873be4771097!8m2!3d61.1295937!4d21.4989999!16s%2Fg%2F11kq0f8jk7?entry=ttu\" target=\"_blank\" rel=\"noopener\">Hallikatu 12 \u00b7 Rauma<\/a><\/span><\/h6>\n<\/li>\n<li>\n<h6><span style=\"color: #0000ff;\"><strong>18h00\u00a0 \u00a0Messe \u00e9piscopale &amp; neuvaine<\/strong><\/span><\/h6>\n<\/li>\n<\/ul>\n<p>&nbsp;<\/p>\n<h3><span style=\"color: #ff0000;\"><strong>LE DIMANCHE 17.5.2026<\/strong><\/span><\/h3>\n<h6><span style=\"color: #ff0000;\"><strong>Septi\u00e8me dimanche de P\u00e2ques<\/strong><\/span><\/h6>\n<ul>\n<li>\n<h6>09h00\u00a0 \u00a0Messe en latin<\/h6>\n<\/li>\n<li>\n<h6>10h00\u00a0 \u00a0Chapelet<\/h6>\n<\/li>\n<li>\n<h6><span style=\"color: #0000ff;\"><strong>10h30\u00a0 \u00a0Messe \u00e9piscopale &amp; neuvaine<\/strong><\/span><\/h6>\n<\/li>\n<li>\n<h6>12h30\u00a0 \u00a0Messe en tagalog<\/h6>\n<\/li>\n<li>\n<h6><span style=\"color: #0000ff;\"><strong>17h00\u00a0 \u00a0Temps de pri\u00e8re<\/strong><\/span><\/h6>\n<\/li>\n<li>\n<h6>18h00\u00a0 \u00a0Messe en anglais<\/h6>\n<\/li>\n<\/ul>\n<p>&nbsp;<\/p>\n<h3><strong>LE LUNDI 18.5.2026<\/strong><\/h3>\n<h6><strong>Saint \u00c9ric, roi et martyr<br \/>\nPatron de la Su\u00e8de<\/strong><\/h6>\n<ul>\n<li>\n<h6><em>07h30\u00a0 \u00a0PAS DE MESSE<\/em><\/h6>\n<\/li>\n<li>\n<h6><span style=\"color: #0000ff;\"><strong>18h00\u00a0 \u00a0Messe en finnois &amp; neuvaine<\/strong><\/span><\/h6>\n<\/li>\n<\/ul>\n<p>&nbsp;<\/p>\n<h3><strong>LE MARDI 19.5.2026<\/strong><\/h3>\n<ul>\n<li>\n<h6>18h00\u00a0 \u00a0Messe du Temps Pascal en finnois &amp; neuvaine<\/h6>\n<\/li>\n<li>\n<h6>18h45\u00a0 \u00a0Cours d\u2019information en finnois<\/h6>\n<\/li>\n<\/ul>\n<p>&nbsp;<\/p>\n<h3><strong>LE MERCREDI 20.5.2026<\/strong><\/h3>\n<ul>\n<li>\n<h6><em>07h30\u00a0 \u00a0PAS DE MESSE<\/em><\/h6>\n<\/li>\n<li>\n<h6><span style=\"color: #0000ff;\"><strong>18h00\u00a0 \u00a0Messe du Temps Pascal en finnois &amp; neuvaine<\/strong><\/span><\/h6>\n<\/li>\n<\/ul>\n<p>&nbsp;<\/p>\n<h3><strong>LE JEUDI 21.5.2026<\/strong><\/h3>\n<ul>\n<li>\n<h6>17h30\u00a0 \u00a0Adoration du Saint Sacrement<\/h6>\n<\/li>\n<li>\n<h6>18h00\u00a0 \u00a0Messe du Temps Pascal en finnois &amp; neuvaine<\/h6>\n<\/li>\n<\/ul>\n<p>&nbsp;<\/p>\n<h3><span style=\"color: #ff0000;\"><strong>LE VENDREDI 22.5.2026<\/strong><\/span><\/h3>\n<h6><span style=\"color: #ff0000;\"><strong>Bienheureux Hemming, \u00e9v\u00eaque<\/strong><\/span><br \/>\n<strong>F\u00eate patronale de la paroisse<\/strong><\/h6>\n<ul>\n<li>\n<h6><em>07h30\u00a0 \u00a0PAS DE MESSE<\/em><\/h6>\n<\/li>\n<li>\n<h6><span style=\"color: #0000ff;\"><strong>18.00\u00a0 \u00a0Messe de la f\u00eate &amp; adoration du Saint Sacrement<\/strong><\/span><\/h6>\n<\/li>\n<\/ul>\n<p>&nbsp;<\/p>\n<h3><span style=\"color: #333333;\"><strong>LE SAMEDI 23.5.2026<\/strong><\/span><\/h3>\n<ul>\n<li>\n<h6>07h30\u00a0 \u00a0Messe en l\u2019honneur de la Vierge Marie<\/h6>\n<\/li>\n<li>\n<h6><span style=\"color: #008000;\"><strong>10h00\u00a0 \u00a0Messe en su\u00e9dois \u00e0 Mariehamn<br \/>\n<\/strong><\/span><\/h6>\n<h6><span style=\"color: #008000;\"><strong><span style=\"color: #ffffff;\">10h00<\/span>\u00a0 \u00a0<\/strong>S:T G\u00d6RANS LUTHERSKA KYRKA<\/span><br \/>\n<span style=\"color: #008000;\"><span style=\"color: #ffffff;\"><strong>10h00<\/strong><\/span>\u00a0 \u00a0\u00c9glise luth\u00e9rienne Saint-Georges<\/span><\/h6>\n<h6><span style=\"color: #008000;\"><span style=\"color: #ffffff;\"><strong>10h00<\/strong><\/span>\u00a0 \u00a0<a style=\"color: #008000;\" href=\"https:\/\/www.google.com\/maps\/place\/Pyh%C3%A4n+Yrj%C3%B6n+kirkko\/@60.0972392,19.9348252,16z\/data=!3m1!4b1!4m6!3m5!1s0x468ac40b345d8cef:0xd2eebba6fff12956!8m2!3d60.0972392!4d19.9348252!16s%2Fg%2F11b6bgbz0w?entry=ttu&amp;g_ep=EgoyMDI1MDEwMS4wIKXMDSoASAFQAw%3D%3D\" target=\"_blank\" rel=\"noopener\">\u00d6stra Esplanadgatan 6 \u00b7 Mariehamn<\/a><\/span><\/h6>\n<\/li>\n<\/ul>\n<p>&nbsp;<\/p>\n<h3><span style=\"color: #ff0000;\"><strong>LE DIMANCHE 24.5.2026<\/strong><\/span><\/h3>\n<h6><span style=\"color: #ff0000;\"><strong>Dimanche de la Pentec\u00f4te<\/strong><\/span><\/h6>\n<ul>\n<li>\n<h6>09h00\u00a0 \u00a0Messe en su\u00e9dois<\/h6>\n<\/li>\n<li>\n<h6>10h00\u00a0 \u00a0Chapelet<\/h6>\n<\/li>\n<li>\n<h6><strong>10h30\u00a0 \u00a0Grand&#8217;messe<\/strong><\/h6>\n<\/li>\n<li>\n<h6>12h30\u00a0 \u00a0Messe en vietnamien<\/h6>\n<\/li>\n<li>\n<h6><span style=\"color: #008000;\"><strong>15h00\u00a0 \u00a0Messe en finnois \u00e0 Eurajoki<br \/>\n<\/strong><\/span><\/h6>\n<h6><span style=\"color: #008000;\"><span style=\"color: #ffffff;\"><strong>15h00<\/strong><\/span>\u00a0 \u00a0KUSTAA AADOLFIN LUTERILAINEN KIRKKO<br \/>\n<span style=\"color: #ffffff;\"><strong>15h00<\/strong><\/span>\u00a0 \u00a0\u00c9glise luth\u00e9rienne Gustave-Adolphe<br \/>\n<\/span><\/h6>\n<h6><span style=\"color: #008000;\"><span style=\"color: #ffffff;\"><strong>15h00<\/strong><\/span>\u00a0 \u00a0<a style=\"color: #008000;\" href=\"https:\/\/www.google.fi\/maps\/place\/Eurajoen+kirkko\/@61.2023265,21.7293437,593m\/data=!3m1!1e3!4m6!3m5!1s0x46897b3e7a31e23f:0x91880614d7c50c3!8m2!3d61.2022464!4d21.7314036!16s%2Fg%2F122kclk_?entry=ttu&amp;g_ep=EgoyMDI2MDEwNy4wIKXMDSoASAFQAw%3D%3D\" target=\"_blank\" rel=\"noopener\">Kirkkotie 8 \u00b7 Eurajoki<\/a><\/span><\/h6>\n<\/li>\n<li>\n<h6>18h00\u00a0 \u00a0Messe en anglais<\/h6>\n<\/li>\n<\/ul>\n<p>&nbsp;<\/p>\n<h3><span style=\"color: #ff0000;\"><strong>LE JEUDI 28.5.2026<\/strong><\/span><\/h3>\n<h6><span style=\"color: #ff0000;\"><strong>J\u00e9sus Christ, Grand Pr\u00eatre \u00e9ternel<\/strong><\/span><\/h6>\n<ul>\n<li>\n<h6>17h30\u00a0 \u00a0Adoration du Saint Sacrement<\/h6>\n<\/li>\n<li>\n<h6>18h00\u00a0 \u00a0Messe de la f\u00eate<\/h6>\n<\/li>\n<\/ul>\n<p>&nbsp;<\/p>\n<h3><span style=\"color: #ff0000;\"><strong>LE DIMANCHE 31.5.2026<\/strong><\/span><\/h3>\n<h6><span style=\"color: #ff0000;\"><strong>La tr\u00e8s Sainte Trinit\u00e9<\/strong><\/span><\/h6>\n<ul>\n<li>\n<h6>09h00\u00a0 \u00a0Messe en latin<\/h6>\n<\/li>\n<li>\n<h6>10h00\u00a0 \u00a0Chapelet<\/h6>\n<\/li>\n<li>\n<h6><strong>10h30\u00a0 \u00a0Grand&#8217;messe<\/strong><\/h6>\n<\/li>\n<li>\n<h6>18h00\u00a0 \u00a0Messe en anglais<\/h6>\n<\/li>\n<\/ul>\n<p>&nbsp;<\/p>\n<hr \/>\n<h5>\u25ba\u00a0 <span style=\"color: #000000;\"><a style=\"color: #000000;\" href=\"https:\/\/www.catholicturku.fi\/?cat=233&amp;lang=fr\"><strong>Calendrier hebdomadaire<\/strong><\/a><\/span><\/h5>\n<h5>\u25ba\u00a0 <span style=\"color: #000000;\"><a style=\"color: #000000;\" href=\"https:\/\/calendar.google.com\/calendar\/embed?src=turunkatolinensrk%40gmail.com&amp;ctz=Europe%2FHelsinki\" target=\"_blank\" rel=\"noopener noreferrer\"><strong>Calendrier GOOGLE<\/strong><\/a><\/span><\/h5>\n<h6><span style=\"color: #ffffff;\">\u00b7<\/span><\/h6>\n<h5>\u25ba\u00a0\u00a0<span style=\"color: #000000;\"><a style=\"color: #000000;\" href=\"https:\/\/www.catholicturku.fi\/?lang=fr\"><strong>MENU PRINCIPAL<\/strong><\/a><\/span><\/h5>\n<h5>\u25ba\u00a0 <span style=\"color: #000000;\"><a style=\"color: #000000;\" href=\"https:\/\/www.catholicturku.fi\/?page_id=1324&amp;lang=fr\"><strong>PAGE D&#8217;ACCUEIL<\/strong><\/a><\/span><\/h5>\n<hr \/>\n<h6 style=\"text-align: center;\"><strong>Webmaster<\/strong><\/h6>\n<h6 style=\"text-align: center;\"><span style=\"color: #000000;\"><a style=\"color: #000000;\" href=\"mailto:webmaster@romanos.fi\">webmaster (at) romanos.fi<\/a><\/span><\/h6>\n","protected":false},"excerpt":{"rendered":"<p>&nbsp; Paroisse catholique SAINTE BRIGITTE ET BIENHEUREUX HEMMING \u00b7 Turku \ud83c\uddeb\ud83c\uddee\u00a0Finlande &nbsp; &nbsp; Saintes messes DIMANCHES EXCEPTIONS jusqu&#8217;\u00e0 31.5.2026 &nbsp; \u00b7 LE MERCREDI 29.4.2026 Sainte Catherine de Sienne, vierge et docteur de l\u2019\u00c9glise Patronne de l\u2019Europe 07h30\u00a0 \u00a0Messe de la f\u00eate &nbsp; LE LUNDI 1.5.2026 Saint Joseph, travailleur 07h30\u00a0 \u00a0Messe en finnois 17h00\u00a0 \u00a0Adoration du [&hellip;]<\/p>\n","protected":false},"author":1,"featured_media":0,"comment_status":"closed","ping_status":"closed","sticky":false,"template":"","format":"standard","meta":{"footnotes":""},"categories":[255],"tags":[],"class_list":["post-41739","post","type-post","status-publish","format-standard","hentry","category-2-saintes-messes--dimanches-et-exceptions"],"_links":{"self":[{"href":"https:\/\/www.catholicturku.fi\/index.php?rest_route=\/wp\/v2\/posts\/41739","targetHints":{"allow":["GET"]}}],"collection":[{"href":"https:\/\/www.catholicturku.fi\/index.php?rest_route=\/wp\/v2\/posts"}],"about":[{"href":"https:\/\/www.catholicturku.fi\/index.php?rest_route=\/wp\/v2\/types\/post"}],"author":[{"embeddable":true,"href":"https:\/\/www.catholicturku.fi\/index.php?rest_route=\/wp\/v2\/users\/1"}],"replies":[{"embeddable":true,"href":"https:\/\/www.catholicturku.fi\/index.php?rest_route=%2Fwp%2Fv2%2Fcomments&post=41739"}],"version-history":[{"count":990,"href":"https:\/\/www.catholicturku.fi\/index.php?rest_route=\/wp\/v2\/posts\/41739\/revisions"}],"predecessor-version":[{"id":75580,"href":"https:\/\/www.catholicturku.fi\/index.php?rest_route=\/wp\/v2\/posts\/41739\/revisions\/75580"}],"wp:attachment":[{"href":"https:\/\/www.catholicturku.fi\/index.php?rest_route=%2Fwp%2Fv2%2Fmedia&parent=41739"}],"wp:term":[{"taxonomy":"category","embeddable":true,"href":"https:\/\/www.catholicturku.fi\/index.php?rest_route=%2Fwp%2Fv2%2Fcategories&post=41739"},{"taxonomy":"post_tag","embeddable":true,"href":"https:\/\/www.catholicturku.fi\/index.php?rest_route=%2Fwp%2Fv2%2Ftags&post=41739"}],"curies":[{"name":"wp","href":"https:\/\/api.w.org\/{rel}","templated":true}]}}