{"id":41737,"date":"2022-08-30T22:07:05","date_gmt":"2022-08-30T19:07:05","guid":{"rendered":"https:\/\/www.catholicturku.fi\/?p=41737"},"modified":"2026-04-28T23:02:05","modified_gmt":"2026-04-28T20:02:05","slug":"41737","status":"publish","type":"post","link":"https:\/\/www.catholicturku.fi\/?p=41737&lang=pt","title":{"rendered":""},"content":{"rendered":"<hr \/>\n<p>&nbsp;<\/p>\n<h4 style=\"text-align: center;\"><span style=\"color: #0000ff;\"><strong>Par\u00f3quia cat\u00f3lica da<\/strong><\/span><\/h4>\n<h1 style=\"text-align: center;\"><span style=\"color: #0000ff;\"><strong>SANTA BR\u00cdGIDA E<\/strong><\/span><br \/>\n<span style=\"color: #0000ff;\"><strong>BEATO HEMMING<\/strong><\/span><\/h1>\n<h6 style=\"text-align: center;\"><span style=\"color: #0000ff;\">\u00b7<\/span><\/h6>\n<h3 style=\"text-align: center;\"><span style=\"color: #0000ff;\"><strong>Turku<\/strong> \ud83c\uddeb\ud83c\uddee\u00a0<strong>Finl\u00e2ndia<\/strong><\/span><\/h3>\n<p>&nbsp;<\/p>\n<p><img loading=\"lazy\" decoding=\"async\" class=\" wp-image-54374 aligncenter\" src=\"https:\/\/www.catholicturku.fi\/wp-content\/uploads\/kokeilu2.jpg\" alt=\"\" width=\"380\" height=\"253\" srcset=\"https:\/\/www.catholicturku.fi\/wp-content\/uploads\/kokeilu2.jpg 300w, https:\/\/www.catholicturku.fi\/wp-content\/uploads\/kokeilu2-150x100.jpg 150w\" sizes=\"auto, (max-width: 380px) 100vw, 380px\" \/><\/p>\n<p>&nbsp;<\/p>\n<h3 style=\"text-align: center;\"><span style=\"color: #0000ff;\"><strong>Missas sagradas<\/strong><\/span><\/h3>\n<h1 style=\"text-align: center;\"><span style=\"color: #0000ff;\"><strong>PROGRAMA SEMANAL<\/strong><\/span><\/h1>\n<h1 style=\"text-align: center;\"><span style=\"color: #0000ff;\"><strong>29.4. \u2013 10.5.2026<\/strong><\/span><\/h1>\n<p>&nbsp;<\/p>\n<hr \/>\n<h6 style=\"text-align: center;\"><span style=\"color: #ffffff;\">\u00b7<\/span><\/h6>\n<h3><span style=\"color: #ff0000;\"><strong>NA QUARTA-FEIRA 29.4.2026<\/strong><\/span><\/h3>\n<h6><span style=\"color: #ff0000;\"><strong>Santa Catarina de Siena, virgem e doutora da Igreja<br \/>\nPadroeira da Europa<\/strong><\/span><\/h6>\n<ul>\n<li>\n<h6>07.30\u00a0 \u00a0Missa da festa<\/h6>\n<\/li>\n<\/ul>\n<p>&nbsp;<\/p>\n<h3><strong>NA QUINTA-FEIRA 30.4.2026<\/strong><\/h3>\n<h6><strong>S\u00e3o Pio V, papa<\/strong><\/h6>\n<ul>\n<li>\n<h6>17.30\u00a0 \u00a0Adora\u00e7\u00e3o ao Sant\u00edssimo Sacramento<\/h6>\n<\/li>\n<li>\n<h6>18.00\u00a0 \u00a0Missa em finland\u00eas<\/h6>\n<\/li>\n<\/ul>\n<p>&nbsp;<\/p>\n<h3><strong>NA SEXTA-FEIRA 1.5.2026<\/strong><\/h3>\n<h6><strong>S\u00e3o Jos\u00e9 Oper\u00e1rio<\/strong><\/h6>\n<ul>\n<li>\n<h6>07.30\u00a0 \u00a0Missa em finland\u00eas<\/h6>\n<\/li>\n<li>\n<h6><span style=\"color: #0000ff;\"><strong>17.00\u00a0 \u00a0Adora\u00e7\u00e3o ao Sant\u00edssimo Sacramento<\/strong><\/span><\/h6>\n<\/li>\n<\/ul>\n<p>&nbsp;<\/p>\n<h3><strong>NO S\u00c1BADO 2.5.2026<\/strong><\/h3>\n<h6><strong>Santo Atanasio, bispo e doutor da Igreja<\/strong><\/h6>\n<ul>\n<li>\n<h6>07.30\u00a0 \u00a0Missa em finland\u00eas<\/h6>\n<\/li>\n<\/ul>\n<p>&nbsp;<\/p>\n<h3><span style=\"color: #ff0000;\"><strong>NO DOMINGO 3.5.2026<\/strong><\/span><\/h3>\n<h6><span style=\"color: #ff0000;\"><strong>Quinto Domingo da P\u00e1scoa<\/strong><\/span><\/h6>\n<ul>\n<li>\n<h6>09.00\u00a0 \u00a0Missa em latim<\/h6>\n<\/li>\n<li>\n<h6>10.00\u00a0 \u00a0Ros\u00e1rio<\/h6>\n<\/li>\n<li>\n<h6><strong>10.30\u00a0 \u00a0Missa paroquial<\/strong><\/h6>\n<\/li>\n<li>\n<h6>12.30\u00a0 \u00a0Missa em polon\u00eas<\/h6>\n<\/li>\n<li>\n<h6>18.00\u00a0 \u00a0Missa em ingles<\/h6>\n<\/li>\n<\/ul>\n<p>&nbsp;<\/p>\n<h3><strong>NA SEGUNDA-FEIRA 4.5.2026<\/strong><\/h3>\n<ul>\n<li>\n<h6>07.30\u00a0 \u00a0Missa do Tempo Pascal em finland\u00eas<\/h6>\n<\/li>\n<\/ul>\n<p>&nbsp;<\/p>\n<h3><strong>NA TER\u00c7A-FEIRA 5.5.2026<\/strong><\/h3>\n<ul>\n<li>\n<h6>18.00\u00a0 \u00a0Missa do Tempo Pascal em finland\u00eas<\/h6>\n<\/li>\n<\/ul>\n<p>&nbsp;<\/p>\n<h3><strong>NA QUARTA-FEIRA 6.5.2026<\/strong><\/h3>\n<ul>\n<li>\n<h6>07.30\u00a0 \u00a0Missa do Tempo Pascal em finland\u00eas<\/h6>\n<\/li>\n<\/ul>\n<p>&nbsp;<\/p>\n<h3><strong>NA QUINTA-FEIRA 7.5.2026<\/strong><\/h3>\n<ul>\n<li>\n<h6>17.30\u00a0 \u00a0Adora\u00e7\u00e3o ao Sant\u00edssimo Sacramento<\/h6>\n<\/li>\n<li>\n<h6>18.00\u00a0 \u00a0Missa do Tempo Pascal em finland\u00eas<\/h6>\n<\/li>\n<\/ul>\n<p>&nbsp;<\/p>\n<h3><strong>NA SEXTA-FEIRA 8.5.2026<\/strong><\/h3>\n<ul>\n<li>\n<h6>07.30\u00a0 \u00a0Missa do Tempo Pascal em finland\u00eas<\/h6>\n<\/li>\n<\/ul>\n<p>&nbsp;<\/p>\n<h3><span style=\"color: #333333;\"><strong>NO S\u00c1BADO 9.5.2026<\/strong><\/span><\/h3>\n<ul>\n<li>\n<h6>07.30\u00a0 \u00a0Missa em honra da Bem-Aventurada<br \/>\n<span style=\"color: #ffffff;\">07.30<\/span>\u00a0 \u00a0Virgem Maria<\/h6>\n<\/li>\n<li>\n<h6><span style=\"color: #008000;\"><strong>10.00\u00a0 \u00a0Missa em sueco em Mariehamn<br \/>\n<\/strong><\/span><\/h6>\n<h6><span style=\"color: #008000;\"><strong><span style=\"color: #ffffff;\">10.00<\/span>\u00a0<\/strong> \u00a0S:T G\u00d6RANS LUTHERSKA KYRKA<strong><br \/>\n<span style=\"color: #ffffff;\">10.00<\/span><\/strong>\u00a0 \u00a0Igreja luterana de S\u00e3o Jorge<\/span><\/h6>\n<h6><span style=\"color: #008000;\"><span style=\"color: #ffffff;\"><strong>10.00<\/strong><\/span>\u00a0 \u00a0<a style=\"color: #008000;\" href=\"https:\/\/www.google.com\/maps\/place\/Pyh%C3%A4n+Yrj%C3%B6n+kirkko\/@60.0972392,19.9348252,16z\/data=!3m1!4b1!4m6!3m5!1s0x468ac40b345d8cef:0xd2eebba6fff12956!8m2!3d60.0972392!4d19.9348252!16s%2Fg%2F11b6bgbz0w?entry=ttu&amp;g_ep=EgoyMDI1MDEwMS4wIKXMDSoASAFQAw%3D%3D\" target=\"_blank\" rel=\"noopener\">\u00d6stra Esplanadgatan 6 \u00b7 Mariehamn<\/a><\/span><\/h6>\n<\/li>\n<li>\n<h6><span style=\"color: #0000ff;\"><strong>12.00\u00a0 \u00a0Santa Missa &amp; primeira comunh\u00e3o<\/strong><\/span><\/h6>\n<\/li>\n<\/ul>\n<p>&nbsp;<\/p>\n<h3><span style=\"color: #ff0000;\"><strong>NO DOMINGO 10.5.2026<\/strong><\/span><\/h3>\n<h6><span style=\"color: #ff0000;\"><strong>Sexto Domingo da P\u00e1scoa<\/strong><\/span><\/h6>\n<ul>\n<li>\n<h6>09.00\u00a0 \u00a0Missa em sueco<\/h6>\n<\/li>\n<li>\n<h6>10.00\u00a0 \u00a0Ros\u00e1rio<\/h6>\n<\/li>\n<li>\n<h6><strong>10.30\u00a0 \u00a0Missa paroquial<\/strong><\/h6>\n<\/li>\n<li>\n<h6><span style=\"color: #008000;\"><strong>15.00\u00a0 \u00a0Missa em finland\u00eas em Eurajoki<br \/>\n<\/strong><\/span><\/h6>\n<h6><span style=\"color: #008000;\"><span style=\"color: #ffffff;\"><strong>15.00<\/strong><\/span>\u00a0 \u00a0KUSTAA AADOLFIN LUTERILAINEN KIRKKO<br \/>\n<span style=\"color: #ffffff;\"><strong>15.00<\/strong><\/span>\u00a0 \u00a0Igreja luterana de Gustavo Adolfo<br \/>\n<\/span><\/h6>\n<h6><span style=\"color: #008000;\"><span style=\"color: #ffffff;\"><strong>15.00<\/strong><\/span>\u00a0 \u00a0<a style=\"color: #008000;\" href=\"https:\/\/www.google.fi\/maps\/place\/Eurajoen+kirkko\/@61.2023265,21.7293437,593m\/data=!3m1!1e3!4m6!3m5!1s0x46897b3e7a31e23f:0x91880614d7c50c3!8m2!3d61.2022464!4d21.7314036!16s%2Fg%2F122kclk_?entry=ttu&amp;g_ep=EgoyMDI2MDEwNy4wIKXMDSoASAFQAw%3D%3D\" target=\"_blank\" rel=\"noopener\">Kirkkotie 8 \u00b7 Eurajoki<\/a><\/span><\/h6>\n<\/li>\n<li>\n<h6><strong><span style=\"color: #008000;\">17.00\u00a0 \u00a0Missa em finland\u00eas em Pori<\/span><\/strong><\/h6>\n<h6><span style=\"color: #008000;\"><span style=\"color: #ffffff;\"><strong>17.00<\/strong><\/span>\u00a0 \u00a0PYH\u00c4N JOHANNES TEOLOGIN<br \/>\n<span style=\"color: #ffffff;\"><strong>17.00<\/strong><\/span>\u00a0 \u00a0ORTODOKSINEN KIRKKO<\/span><br \/>\n<span style=\"color: #008000;\"><span style=\"color: #ffffff;\"><strong>17.00<\/strong><\/span>\u00a0 \u00a0Igreja ortodoxa de S\u00e3o Jo\u00e3o, o Te\u00f3logo<\/span><\/h6>\n<h6><span style=\"color: #008000;\"><span style=\"color: #ffffff;\"><strong>17.00<\/strong><\/span>\u00a0 \u00a0<a style=\"color: #008000;\" href=\"https:\/\/www.google.com\/maps\/place\/Apostoli+Johannes+Teologin+kirkko\/@61.4857677,21.7585103,17z\/data=!3m1!4b1!4m6!3m5!1s0x46890adfe53e3a3f:0x3cf0ca76d6b0d30f!8m2!3d61.4857677!4d21.7610852!16s%2Fg%2F121vxlv4?hl=fi&amp;entry=ttu\" target=\"_blank\" rel=\"noopener\">Maantiekatu 46 \u00b7 Pori<\/a><\/span><\/h6>\n<\/li>\n<li>\n<h6>18.00\u00a0 \u00a0Missa em ingles<\/h6>\n<\/li>\n<\/ul>\n<p>&nbsp;<\/p>\n<hr \/>\n<h5>\u25ba\u00a0 <span style=\"color: #000000;\"><a style=\"color: #000000;\" href=\"https:\/\/www.catholicturku.fi\/?cat=277&amp;lang=pt\"><b>Domingos e exce\u00e7\u00f5es<\/b><\/a><\/span><\/h5>\n<h5>\u25ba\u00a0 <span style=\"color: #000000;\"><a style=\"color: #000000;\" href=\"https:\/\/calendar.google.com\/calendar\/embed?src=turunkatolinensrk%40gmail.com&amp;ctz=Europe%2FHelsinki\" target=\"_blank\" rel=\"noopener noreferrer\"><strong>Calend\u00e1rio de GOOGLE<\/strong><\/a><\/span><\/h5>\n<h6>\u00b7<\/h6>\n<h5>\u25ba\u00a0\u00a0<span style=\"color: #000000;\"><a style=\"color: #000000;\" href=\"https:\/\/www.catholicturku.fi\/?lang=pt\"><strong>MENU PRINCIPAL<\/strong><\/a><\/span><\/h5>\n<h5>\u25ba\u00a0 <span style=\"color: #000000;\"><strong><a style=\"color: #000000;\" href=\"https:\/\/www.catholicturku.fi\/?page_id=22794&amp;lang=pt\">IN\u00cdCIO<\/a><\/strong><\/span><\/h5>\n<hr \/>\n<h6 style=\"text-align: center;\"><strong>Webmaster<\/strong><\/h6>\n<h6 style=\"text-align: center;\"><span style=\"color: #000000;\"><a style=\"color: #000000;\" href=\"mailto:webmaster@romanos.fi\">webmaster (at) romanos.fi<\/a><\/span><\/h6>\n","protected":false},"excerpt":{"rendered":"<p>&nbsp; Par\u00f3quia cat\u00f3lica da SANTA BR\u00cdGIDA E BEATO HEMMING \u00b7 Turku \ud83c\uddeb\ud83c\uddee\u00a0Finl\u00e2ndia &nbsp; &nbsp; Missas sagradas PROGRAMA SEMANAL 29.4. \u2013 10.5.2026 &nbsp; \u00b7 NA QUARTA-FEIRA 29.4.2026 Santa Catarina de Siena, virgem e doutora da Igreja Padroeira da Europa 07.30\u00a0 \u00a0Missa da festa &nbsp; NA QUINTA-FEIRA 30.4.2026 S\u00e3o Pio V, papa 17.30\u00a0 \u00a0Adora\u00e7\u00e3o ao Sant\u00edssimo Sacramento [&hellip;]<\/p>\n","protected":false},"author":1,"featured_media":0,"comment_status":"closed","ping_status":"closed","sticky":false,"template":"","format":"standard","meta":{"footnotes":""},"categories":[279],"tags":[],"class_list":["post-41737","post","type-post","status-publish","format-standard","hentry","category-1-missas-sagradas--programa-semanal"],"_links":{"self":[{"href":"https:\/\/www.catholicturku.fi\/index.php?rest_route=\/wp\/v2\/posts\/41737","targetHints":{"allow":["GET"]}}],"collection":[{"href":"https:\/\/www.catholicturku.fi\/index.php?rest_route=\/wp\/v2\/posts"}],"about":[{"href":"https:\/\/www.catholicturku.fi\/index.php?rest_route=\/wp\/v2\/types\/post"}],"author":[{"embeddable":true,"href":"https:\/\/www.catholicturku.fi\/index.php?rest_route=\/wp\/v2\/users\/1"}],"replies":[{"embeddable":true,"href":"https:\/\/www.catholicturku.fi\/index.php?rest_route=%2Fwp%2Fv2%2Fcomments&post=41737"}],"version-history":[{"count":371,"href":"https:\/\/www.catholicturku.fi\/index.php?rest_route=\/wp\/v2\/posts\/41737\/revisions"}],"predecessor-version":[{"id":75596,"href":"https:\/\/www.catholicturku.fi\/index.php?rest_route=\/wp\/v2\/posts\/41737\/revisions\/75596"}],"wp:attachment":[{"href":"https:\/\/www.catholicturku.fi\/index.php?rest_route=%2Fwp%2Fv2%2Fmedia&parent=41737"}],"wp:term":[{"taxonomy":"category","embeddable":true,"href":"https:\/\/www.catholicturku.fi\/index.php?rest_route=%2Fwp%2Fv2%2Fcategories&post=41737"},{"taxonomy":"post_tag","embeddable":true,"href":"https:\/\/www.catholicturku.fi\/index.php?rest_route=%2Fwp%2Fv2%2Ftags&post=41737"}],"curies":[{"name":"wp","href":"https:\/\/api.w.org\/{rel}","templated":true}]}}